{"id":7848,"date":"2026-03-05T11:11:30","date_gmt":"2026-03-05T14:11:30","guid":{"rendered":"https:\/\/abcdi.org.br\/?p=7848"},"modified":"2026-04-16T13:11:59","modified_gmt":"2026-04-16T16:11:59","slug":"participe-do-primeiro-webinar-abcdi-de-2026","status":"publish","type":"post","link":"https:\/\/abcdi.org.br\/index.php\/2026\/03\/05\/participe-do-primeiro-webinar-abcdi-de-2026\/","title":{"rendered":"Participe do primeiro Webinar ABCDI de 2026"},"content":{"rendered":"\n<p>Com o tema: A tributa\u00e7\u00e3o de dividendos em sociedades m\u00e9dicas &#8211; aspectos legais, o primeiro<em> Webinar <\/em>da Associa\u00e7\u00e3o Brasileira das Cl\u00ednicas de Diagn\u00f3stico por Imagem (ABCDI) em 2026 ser\u00e1 especial. O encontro virtual acontecer\u00e1 no dia 17 de mar\u00e7o, a partir das 19h (hor\u00e1rio de Bras\u00edlia-DF).<br><br>Nesta edi\u00e7\u00e3o ser\u00e1 abordado sobre os principais efeitos da nova lei de taxa\u00e7\u00e3o de dividendos sobre a realidade dos radiologistas. Os especialistas ainda ir\u00e3o debater sobre como essa legisla\u00e7\u00e3o pode impactar em diversos aspectos.<\/p>\n\n\n\n<p><strong>Fique por dentro das redes sociais do CBR, nos siga no\u00a0<a href=\"https:\/\/www.instagram.com\/cbr_radiologia\/\" target=\"_blank\" rel=\"noreferrer noopener\">Instagram\u00a0<\/a>,\u00a0<a href=\"https:\/\/www.facebook.com\/CBRadiologia\/?locale=pt_BR\" target=\"_blank\" rel=\"noreferrer noopener\">Facebook<\/a>\u00a0e\u00a0<a href=\"https:\/\/br.linkedin.com\/company\/colegiobrasileiroderadiologiaediagn%C3%B3sticoporimagem\" target=\"_blank\" rel=\"noreferrer noopener\">LinkedIn<\/a><\/strong><\/p>\n\n\n\n<p>Ao longo do ano, teremos cinco temas diferentes que ser\u00e3o abordados em diferente <em>webinars<\/em>, s\u00e3o eles:<\/p>\n\n\n\n<p>1 &#8211; A tributa\u00e7\u00e3o de dividendos em sociedades m\u00e9dicas \u2013 aspectos legais;<\/p>\n\n\n\n<p>2 &#8211; A import\u00e2ncia dos laudos evolutivos para os mastologistas;<\/p>\n\n\n\n<p>3 &#8211; Efetividade do canal de den\u00fancias do CBR;<\/p>\n\n\n\n<p>4 &#8211; Reforma tribut\u00e1ria de sa\u00fade para cl\u00ednicas;<\/p>\n\n\n\n<p>5 &#8211; Uso efetivo de I.A. na radiologia.<\/p>\n\n\n\n<p><strong>Conhe\u00e7a os debatedores desta edi\u00e7\u00e3o:<\/strong><\/p>\n\n\n\n<p><strong>Dr. Ricardo Rocha<\/strong><\/p>\n\n\n\n<figure class=\"wp-block-image size-full is-resized\"><img fetchpriority=\"high\" decoding=\"async\" width=\"800\" height=\"800\" src=\"https:\/\/abcdi.org.br\/wp-content\/uploads\/2026\/03\/Dr.-Ricardo-1.jpg\" alt=\"\" class=\"wp-image-7849\" style=\"width:214px;height:auto\" srcset=\"https:\/\/abcdi.org.br\/wp-content\/uploads\/2026\/03\/Dr.-Ricardo-1.jpg 800w, https:\/\/abcdi.org.br\/wp-content\/uploads\/2026\/03\/Dr.-Ricardo-1-300x300.jpg 300w, https:\/\/abcdi.org.br\/wp-content\/uploads\/2026\/03\/Dr.-Ricardo-1-150x150.jpg 150w, https:\/\/abcdi.org.br\/wp-content\/uploads\/2026\/03\/Dr.-Ricardo-1-768x768.jpg 768w\" sizes=\"(max-width: 800px) 100vw, 800px\" \/><\/figure>\n\n\n\n<p><strong>Pedro Deos<\/strong><\/p>\n\n\n\n<figure class=\"wp-block-image size-full is-resized\"><img decoding=\"async\" width=\"800\" height=\"800\" src=\"https:\/\/abcdi.org.br\/wp-content\/uploads\/2026\/03\/Pedro-Deos.jpg\" alt=\"\" class=\"wp-image-7850\" style=\"width:228px;height:auto\" srcset=\"https:\/\/abcdi.org.br\/wp-content\/uploads\/2026\/03\/Pedro-Deos.jpg 800w, https:\/\/abcdi.org.br\/wp-content\/uploads\/2026\/03\/Pedro-Deos-300x300.jpg 300w, https:\/\/abcdi.org.br\/wp-content\/uploads\/2026\/03\/Pedro-Deos-150x150.jpg 150w, https:\/\/abcdi.org.br\/wp-content\/uploads\/2026\/03\/Pedro-Deos-768x768.jpg 768w\" sizes=\"(max-width: 800px) 100vw, 800px\" \/><\/figure>\n\n\n\n<p><strong>Carlos Moura<\/strong><\/p>\n\n\n\n<figure class=\"wp-block-image size-full is-resized\"><img decoding=\"async\" width=\"1000\" height=\"1000\" src=\"https:\/\/abcdi.org.br\/wp-content\/uploads\/2026\/03\/Carlos-Moura.png\" alt=\"\" class=\"wp-image-7851\" style=\"width:231px;height:auto\" srcset=\"https:\/\/abcdi.org.br\/wp-content\/uploads\/2026\/03\/Carlos-Moura.png 1000w, https:\/\/abcdi.org.br\/wp-content\/uploads\/2026\/03\/Carlos-Moura-300x300.png 300w, https:\/\/abcdi.org.br\/wp-content\/uploads\/2026\/03\/Carlos-Moura-150x150.png 150w, https:\/\/abcdi.org.br\/wp-content\/uploads\/2026\/03\/Carlos-Moura-768x768.png 768w\" sizes=\"(max-width: 1000px) 100vw, 1000px\" \/><\/figure>\n\n\n\n<p><strong><a href=\"https:\/\/abcdi.org.br\/index.php\/2026\/02\/09\/conheca-a-programacao-dos-cursos-operacionais-da-abcdi-em-2026\/\">+Leia mais:<\/a> <a href=\"https:\/\/abcdi.org.br\/index.php\/2026\/02\/09\/conheca-a-programacao-dos-cursos-operacionais-da-abcdi-em-2026\/\">Conhe\u00e7a a programa\u00e7\u00e3o dos cursos operacionais da ABCDI em 2026<\/a><\/strong><\/p>\n","protected":false},"excerpt":{"rendered":"<p>Com o tema: A tributa\u00e7\u00e3o de dividendos em sociedades m\u00e9dicas &#8211; aspectos legais, o primeiro Webinar da Associa\u00e7\u00e3o Brasileira das Cl\u00ednicas de Diagn\u00f3stico por Imagem (ABCDI) em 2026 ser\u00e1 especial. O encontro virtual acontecer\u00e1 no dia 17 de mar\u00e7o, a partir das 19h (hor\u00e1rio de Bras\u00edlia-DF). Nesta edi\u00e7\u00e3o ser\u00e1 abordado sobre os principais efeitos da [&hellip;]<\/p>\n","protected":false},"author":20,"featured_media":7856,"comment_status":"open","ping_status":"open","sticky":false,"template":"","format":"standard","meta":{"site-sidebar-layout":"default","site-content-layout":"","ast-site-content-layout":"default","site-content-style":"default","site-sidebar-style":"default","ast-global-header-display":"","ast-banner-title-visibility":"","ast-main-header-display":"","ast-hfb-above-header-display":"","ast-hfb-below-header-display":"","ast-hfb-mobile-header-display":"","site-post-title":"","ast-breadcrumbs-content":"","ast-featured-img":"disabled","footer-sml-layout":"","ast-disable-related-posts":"","theme-transparent-header-meta":"","adv-header-id-meta":"","stick-header-meta":"","header-above-stick-meta":"","header-main-stick-meta":"","header-below-stick-meta":"","astra-migrate-meta-layouts":"set","ast-page-background-enabled":"default","ast-page-background-meta":{"desktop":{"background-color":"var(--ast-global-color-4)","background-image":"","background-repeat":"repeat","background-position":"center center","background-size":"auto","background-attachment":"scroll","background-type":"","background-media":"","overlay-type":"","overlay-color":"","overlay-opacity":"","overlay-gradient":""},"tablet":{"background-color":"","background-image":"","background-repeat":"repeat","background-position":"center center","background-size":"auto","background-attachment":"scroll","background-type":"","background-media":"","overlay-type":"","overlay-color":"","overlay-opacity":"","overlay-gradient":""},"mobile":{"background-color":"","background-image":"","background-repeat":"repeat","background-position":"center center","background-size":"auto","background-attachment":"scroll","background-type":"","background-media":"","overlay-type":"","overlay-color":"","overlay-opacity":"","overlay-gradient":""}},"ast-content-background-meta":{"desktop":{"background-color":"var(--ast-global-color-5)","background-image":"","background-repeat":"repeat","background-position":"center center","background-size":"auto","background-attachment":"scroll","background-type":"","background-media":"","overlay-type":"","overlay-color":"","overlay-opacity":"","overlay-gradient":""},"tablet":{"background-color":"var(--ast-global-color-5)","background-image":"","background-repeat":"repeat","background-position":"center center","background-size":"auto","background-attachment":"scroll","background-type":"","background-media":"","overlay-type":"","overlay-color":"","overlay-opacity":"","overlay-gradient":""},"mobile":{"background-color":"var(--ast-global-color-5)","background-image":"","background-repeat":"repeat","background-position":"center center","background-size":"auto","background-attachment":"scroll","background-type":"","background-media":"","overlay-type":"","overlay-color":"","overlay-opacity":"","overlay-gradient":""}},"footnotes":""},"categories":[16],"tags":[20,22,21,93],"class_list":["post-7848","post","type-post","status-publish","format-standard","has-post-thumbnail","hentry","category-abcdi","tag-abcdi","tag-diagnostico-por-imagem","tag-radiologia","tag-webinar"],"yoast_head":"<!-- This site is optimized with the Yoast SEO plugin v27.5 - https:\/\/yoast.com\/product\/yoast-seo-wordpress\/ -->\n<title>Participe do primeiro Webinar ABCDI de 2026 -<\/title>\n<meta name=\"description\" content=\"Esse \u00e9 o primeiro de cinco de webinars que ser\u00e3o realizados ao longo do ano, o tema deste webinar est\u00e1 imperd\u00edvel\" \/>\n<meta name=\"robots\" content=\"index, follow, max-snippet:-1, max-image-preview:large, max-video-preview:-1\" \/>\n<link rel=\"canonical\" href=\"https:\/\/abcdi.org.br\/index.php\/2026\/03\/05\/participe-do-primeiro-webinar-abcdi-de-2026\/\" \/>\n<meta property=\"og:locale\" content=\"pt_BR\" \/>\n<meta property=\"og:type\" content=\"article\" \/>\n<meta property=\"og:title\" content=\"Participe do primeiro Webinar ABCDI de 2026 -\" \/>\n<meta property=\"og:description\" content=\"Esse \u00e9 o primeiro de cinco de webinars que ser\u00e3o realizados ao longo do ano, o tema deste webinar est\u00e1 imperd\u00edvel\" \/>\n<meta property=\"og:url\" content=\"https:\/\/abcdi.org.br\/index.php\/2026\/03\/05\/participe-do-primeiro-webinar-abcdi-de-2026\/\" \/>\n<meta property=\"article:published_time\" content=\"2026-03-05T14:11:30+00:00\" \/>\n<meta property=\"article:modified_time\" content=\"2026-04-16T16:11:59+00:00\" \/>\n<meta property=\"og:image\" content=\"https:\/\/abcdi.org.br\/wp-content\/uploads\/2026\/03\/Emailmkt_Cabecalho_WebinarABCDI.jpg\" \/>\n\t<meta property=\"og:image:width\" content=\"566\" \/>\n\t<meta property=\"og:image:height\" content=\"324\" \/>\n\t<meta property=\"og:image:type\" content=\"image\/jpeg\" \/>\n<meta name=\"author\" content=\"Reda\u00e7\u00e3o CBR\" \/>\n<meta name=\"twitter:card\" content=\"summary_large_image\" \/>\n<meta name=\"twitter:label1\" content=\"Escrito por\" \/>\n\t<meta name=\"twitter:data1\" content=\"Reda\u00e7\u00e3o CBR\" \/>\n\t<meta name=\"twitter:label2\" content=\"Est. tempo de leitura\" \/>\n\t<meta name=\"twitter:data2\" content=\"2 minutos\" \/>\n<script type=\"application\/ld+json\" class=\"yoast-schema-graph\">{\"@context\":\"https:\\\/\\\/schema.org\",\"@graph\":[{\"@type\":\"Article\",\"@id\":\"https:\\\/\\\/abcdi.org.br\\\/index.php\\\/2026\\\/03\\\/05\\\/participe-do-primeiro-webinar-abcdi-de-2026\\\/#article\",\"isPartOf\":{\"@id\":\"https:\\\/\\\/abcdi.org.br\\\/index.php\\\/2026\\\/03\\\/05\\\/participe-do-primeiro-webinar-abcdi-de-2026\\\/\"},\"author\":{\"name\":\"Reda\u00e7\u00e3o CBR\",\"@id\":\"https:\\\/\\\/abcdi.org.br\\\/#\\\/schema\\\/person\\\/74c2a4475088ac02204aab920a1c43b2\"},\"headline\":\"Participe do primeiro Webinar ABCDI de 2026\",\"datePublished\":\"2026-03-05T14:11:30+00:00\",\"dateModified\":\"2026-04-16T16:11:59+00:00\",\"mainEntityOfPage\":{\"@id\":\"https:\\\/\\\/abcdi.org.br\\\/index.php\\\/2026\\\/03\\\/05\\\/participe-do-primeiro-webinar-abcdi-de-2026\\\/\"},\"wordCount\":205,\"commentCount\":0,\"image\":{\"@id\":\"https:\\\/\\\/abcdi.org.br\\\/index.php\\\/2026\\\/03\\\/05\\\/participe-do-primeiro-webinar-abcdi-de-2026\\\/#primaryimage\"},\"thumbnailUrl\":\"https:\\\/\\\/abcdi.org.br\\\/wp-content\\\/uploads\\\/2026\\\/03\\\/Emailmkt_Cabecalho_WebinarABCDI.jpg\",\"keywords\":[\"ABCDI\",\"Diagn\u00f3stico por Imagem\",\"Radiologia\",\"Webinar\"],\"articleSection\":[\"ABCDI\"],\"inLanguage\":\"pt-BR\",\"potentialAction\":[{\"@type\":\"CommentAction\",\"name\":\"Comment\",\"target\":[\"https:\\\/\\\/abcdi.org.br\\\/index.php\\\/2026\\\/03\\\/05\\\/participe-do-primeiro-webinar-abcdi-de-2026\\\/#respond\"]}]},{\"@type\":\"WebPage\",\"@id\":\"https:\\\/\\\/abcdi.org.br\\\/index.php\\\/2026\\\/03\\\/05\\\/participe-do-primeiro-webinar-abcdi-de-2026\\\/\",\"url\":\"https:\\\/\\\/abcdi.org.br\\\/index.php\\\/2026\\\/03\\\/05\\\/participe-do-primeiro-webinar-abcdi-de-2026\\\/\",\"name\":\"Participe do primeiro Webinar ABCDI de 2026 -\",\"isPartOf\":{\"@id\":\"https:\\\/\\\/abcdi.org.br\\\/#website\"},\"primaryImageOfPage\":{\"@id\":\"https:\\\/\\\/abcdi.org.br\\\/index.php\\\/2026\\\/03\\\/05\\\/participe-do-primeiro-webinar-abcdi-de-2026\\\/#primaryimage\"},\"image\":{\"@id\":\"https:\\\/\\\/abcdi.org.br\\\/index.php\\\/2026\\\/03\\\/05\\\/participe-do-primeiro-webinar-abcdi-de-2026\\\/#primaryimage\"},\"thumbnailUrl\":\"https:\\\/\\\/abcdi.org.br\\\/wp-content\\\/uploads\\\/2026\\\/03\\\/Emailmkt_Cabecalho_WebinarABCDI.jpg\",\"datePublished\":\"2026-03-05T14:11:30+00:00\",\"dateModified\":\"2026-04-16T16:11:59+00:00\",\"author\":{\"@id\":\"https:\\\/\\\/abcdi.org.br\\\/#\\\/schema\\\/person\\\/74c2a4475088ac02204aab920a1c43b2\"},\"description\":\"Esse \u00e9 o primeiro de cinco de webinars que ser\u00e3o realizados ao longo do ano, o tema deste webinar est\u00e1 imperd\u00edvel\",\"breadcrumb\":{\"@id\":\"https:\\\/\\\/abcdi.org.br\\\/index.php\\\/2026\\\/03\\\/05\\\/participe-do-primeiro-webinar-abcdi-de-2026\\\/#breadcrumb\"},\"inLanguage\":\"pt-BR\",\"potentialAction\":[{\"@type\":\"ReadAction\",\"target\":[\"https:\\\/\\\/abcdi.org.br\\\/index.php\\\/2026\\\/03\\\/05\\\/participe-do-primeiro-webinar-abcdi-de-2026\\\/\"]}]},{\"@type\":\"ImageObject\",\"inLanguage\":\"pt-BR\",\"@id\":\"https:\\\/\\\/abcdi.org.br\\\/index.php\\\/2026\\\/03\\\/05\\\/participe-do-primeiro-webinar-abcdi-de-2026\\\/#primaryimage\",\"url\":\"https:\\\/\\\/abcdi.org.br\\\/wp-content\\\/uploads\\\/2026\\\/03\\\/Emailmkt_Cabecalho_WebinarABCDI.jpg\",\"contentUrl\":\"https:\\\/\\\/abcdi.org.br\\\/wp-content\\\/uploads\\\/2026\\\/03\\\/Emailmkt_Cabecalho_WebinarABCDI.jpg\",\"width\":566,\"height\":324},{\"@type\":\"BreadcrumbList\",\"@id\":\"https:\\\/\\\/abcdi.org.br\\\/index.php\\\/2026\\\/03\\\/05\\\/participe-do-primeiro-webinar-abcdi-de-2026\\\/#breadcrumb\",\"itemListElement\":[{\"@type\":\"ListItem\",\"position\":1,\"name\":\"In\u00edcio\",\"item\":\"https:\\\/\\\/abcdi.org.br\\\/\"},{\"@type\":\"ListItem\",\"position\":2,\"name\":\"Participe do primeiro Webinar ABCDI de 2026\"}]},{\"@type\":\"WebSite\",\"@id\":\"https:\\\/\\\/abcdi.org.br\\\/#website\",\"url\":\"https:\\\/\\\/abcdi.org.br\\\/\",\"name\":\"\",\"description\":\"ABCDI - Associa\u00e7\u00e3o Brasileira de Cl\u00ednicas de Diagnostico por Imagem\",\"potentialAction\":[{\"@type\":\"SearchAction\",\"target\":{\"@type\":\"EntryPoint\",\"urlTemplate\":\"https:\\\/\\\/abcdi.org.br\\\/?s={search_term_string}\"},\"query-input\":{\"@type\":\"PropertyValueSpecification\",\"valueRequired\":true,\"valueName\":\"search_term_string\"}}],\"inLanguage\":\"pt-BR\"},{\"@type\":\"Person\",\"@id\":\"https:\\\/\\\/abcdi.org.br\\\/#\\\/schema\\\/person\\\/74c2a4475088ac02204aab920a1c43b2\",\"name\":\"Reda\u00e7\u00e3o CBR\",\"image\":{\"@type\":\"ImageObject\",\"inLanguage\":\"pt-BR\",\"@id\":\"https:\\\/\\\/secure.gravatar.com\\\/avatar\\\/4f433578045f08035c97adcc71f2fc11eaa1129a652c0f8ec846f42e60939945?s=96&d=mm&r=g\",\"url\":\"https:\\\/\\\/secure.gravatar.com\\\/avatar\\\/4f433578045f08035c97adcc71f2fc11eaa1129a652c0f8ec846f42e60939945?s=96&d=mm&r=g\",\"contentUrl\":\"https:\\\/\\\/secure.gravatar.com\\\/avatar\\\/4f433578045f08035c97adcc71f2fc11eaa1129a652c0f8ec846f42e60939945?s=96&d=mm&r=g\",\"caption\":\"Reda\u00e7\u00e3o CBR\"},\"url\":\"https:\\\/\\\/abcdi.org.br\\\/index.php\\\/author\\\/redacao\\\/\"}]}<\/script>\n<!-- \/ Yoast SEO plugin. -->","yoast_head_json":{"title":"Participe do primeiro Webinar ABCDI de 2026 -","description":"Esse \u00e9 o primeiro de cinco de webinars que ser\u00e3o realizados ao longo do ano, o tema deste webinar est\u00e1 imperd\u00edvel","robots":{"index":"index","follow":"follow","max-snippet":"max-snippet:-1","max-image-preview":"max-image-preview:large","max-video-preview":"max-video-preview:-1"},"canonical":"https:\/\/abcdi.org.br\/index.php\/2026\/03\/05\/participe-do-primeiro-webinar-abcdi-de-2026\/","og_locale":"pt_BR","og_type":"article","og_title":"Participe do primeiro Webinar ABCDI de 2026 -","og_description":"Esse \u00e9 o primeiro de cinco de webinars que ser\u00e3o realizados ao longo do ano, o tema deste webinar est\u00e1 imperd\u00edvel","og_url":"https:\/\/abcdi.org.br\/index.php\/2026\/03\/05\/participe-do-primeiro-webinar-abcdi-de-2026\/","article_published_time":"2026-03-05T14:11:30+00:00","article_modified_time":"2026-04-16T16:11:59+00:00","og_image":[{"width":566,"height":324,"url":"https:\/\/abcdi.org.br\/wp-content\/uploads\/2026\/03\/Emailmkt_Cabecalho_WebinarABCDI.jpg","type":"image\/jpeg"}],"author":"Reda\u00e7\u00e3o CBR","twitter_card":"summary_large_image","twitter_misc":{"Escrito por":"Reda\u00e7\u00e3o CBR","Est. tempo de leitura":"2 minutos"},"schema":{"@context":"https:\/\/schema.org","@graph":[{"@type":"Article","@id":"https:\/\/abcdi.org.br\/index.php\/2026\/03\/05\/participe-do-primeiro-webinar-abcdi-de-2026\/#article","isPartOf":{"@id":"https:\/\/abcdi.org.br\/index.php\/2026\/03\/05\/participe-do-primeiro-webinar-abcdi-de-2026\/"},"author":{"name":"Reda\u00e7\u00e3o CBR","@id":"https:\/\/abcdi.org.br\/#\/schema\/person\/74c2a4475088ac02204aab920a1c43b2"},"headline":"Participe do primeiro Webinar ABCDI de 2026","datePublished":"2026-03-05T14:11:30+00:00","dateModified":"2026-04-16T16:11:59+00:00","mainEntityOfPage":{"@id":"https:\/\/abcdi.org.br\/index.php\/2026\/03\/05\/participe-do-primeiro-webinar-abcdi-de-2026\/"},"wordCount":205,"commentCount":0,"image":{"@id":"https:\/\/abcdi.org.br\/index.php\/2026\/03\/05\/participe-do-primeiro-webinar-abcdi-de-2026\/#primaryimage"},"thumbnailUrl":"https:\/\/abcdi.org.br\/wp-content\/uploads\/2026\/03\/Emailmkt_Cabecalho_WebinarABCDI.jpg","keywords":["ABCDI","Diagn\u00f3stico por Imagem","Radiologia","Webinar"],"articleSection":["ABCDI"],"inLanguage":"pt-BR","potentialAction":[{"@type":"CommentAction","name":"Comment","target":["https:\/\/abcdi.org.br\/index.php\/2026\/03\/05\/participe-do-primeiro-webinar-abcdi-de-2026\/#respond"]}]},{"@type":"WebPage","@id":"https:\/\/abcdi.org.br\/index.php\/2026\/03\/05\/participe-do-primeiro-webinar-abcdi-de-2026\/","url":"https:\/\/abcdi.org.br\/index.php\/2026\/03\/05\/participe-do-primeiro-webinar-abcdi-de-2026\/","name":"Participe do primeiro Webinar ABCDI de 2026 -","isPartOf":{"@id":"https:\/\/abcdi.org.br\/#website"},"primaryImageOfPage":{"@id":"https:\/\/abcdi.org.br\/index.php\/2026\/03\/05\/participe-do-primeiro-webinar-abcdi-de-2026\/#primaryimage"},"image":{"@id":"https:\/\/abcdi.org.br\/index.php\/2026\/03\/05\/participe-do-primeiro-webinar-abcdi-de-2026\/#primaryimage"},"thumbnailUrl":"https:\/\/abcdi.org.br\/wp-content\/uploads\/2026\/03\/Emailmkt_Cabecalho_WebinarABCDI.jpg","datePublished":"2026-03-05T14:11:30+00:00","dateModified":"2026-04-16T16:11:59+00:00","author":{"@id":"https:\/\/abcdi.org.br\/#\/schema\/person\/74c2a4475088ac02204aab920a1c43b2"},"description":"Esse \u00e9 o primeiro de cinco de webinars que ser\u00e3o realizados ao longo do ano, o tema deste webinar est\u00e1 imperd\u00edvel","breadcrumb":{"@id":"https:\/\/abcdi.org.br\/index.php\/2026\/03\/05\/participe-do-primeiro-webinar-abcdi-de-2026\/#breadcrumb"},"inLanguage":"pt-BR","potentialAction":[{"@type":"ReadAction","target":["https:\/\/abcdi.org.br\/index.php\/2026\/03\/05\/participe-do-primeiro-webinar-abcdi-de-2026\/"]}]},{"@type":"ImageObject","inLanguage":"pt-BR","@id":"https:\/\/abcdi.org.br\/index.php\/2026\/03\/05\/participe-do-primeiro-webinar-abcdi-de-2026\/#primaryimage","url":"https:\/\/abcdi.org.br\/wp-content\/uploads\/2026\/03\/Emailmkt_Cabecalho_WebinarABCDI.jpg","contentUrl":"https:\/\/abcdi.org.br\/wp-content\/uploads\/2026\/03\/Emailmkt_Cabecalho_WebinarABCDI.jpg","width":566,"height":324},{"@type":"BreadcrumbList","@id":"https:\/\/abcdi.org.br\/index.php\/2026\/03\/05\/participe-do-primeiro-webinar-abcdi-de-2026\/#breadcrumb","itemListElement":[{"@type":"ListItem","position":1,"name":"In\u00edcio","item":"https:\/\/abcdi.org.br\/"},{"@type":"ListItem","position":2,"name":"Participe do primeiro Webinar ABCDI de 2026"}]},{"@type":"WebSite","@id":"https:\/\/abcdi.org.br\/#website","url":"https:\/\/abcdi.org.br\/","name":"","description":"ABCDI - Associa\u00e7\u00e3o Brasileira de Cl\u00ednicas de Diagnostico por Imagem","potentialAction":[{"@type":"SearchAction","target":{"@type":"EntryPoint","urlTemplate":"https:\/\/abcdi.org.br\/?s={search_term_string}"},"query-input":{"@type":"PropertyValueSpecification","valueRequired":true,"valueName":"search_term_string"}}],"inLanguage":"pt-BR"},{"@type":"Person","@id":"https:\/\/abcdi.org.br\/#\/schema\/person\/74c2a4475088ac02204aab920a1c43b2","name":"Reda\u00e7\u00e3o CBR","image":{"@type":"ImageObject","inLanguage":"pt-BR","@id":"https:\/\/secure.gravatar.com\/avatar\/4f433578045f08035c97adcc71f2fc11eaa1129a652c0f8ec846f42e60939945?s=96&d=mm&r=g","url":"https:\/\/secure.gravatar.com\/avatar\/4f433578045f08035c97adcc71f2fc11eaa1129a652c0f8ec846f42e60939945?s=96&d=mm&r=g","contentUrl":"https:\/\/secure.gravatar.com\/avatar\/4f433578045f08035c97adcc71f2fc11eaa1129a652c0f8ec846f42e60939945?s=96&d=mm&r=g","caption":"Reda\u00e7\u00e3o CBR"},"url":"https:\/\/abcdi.org.br\/index.php\/author\/redacao\/"}]}},"_links":{"self":[{"href":"https:\/\/abcdi.org.br\/index.php\/wp-json\/wp\/v2\/posts\/7848","targetHints":{"allow":["GET"]}}],"collection":[{"href":"https:\/\/abcdi.org.br\/index.php\/wp-json\/wp\/v2\/posts"}],"about":[{"href":"https:\/\/abcdi.org.br\/index.php\/wp-json\/wp\/v2\/types\/post"}],"author":[{"embeddable":true,"href":"https:\/\/abcdi.org.br\/index.php\/wp-json\/wp\/v2\/users\/20"}],"replies":[{"embeddable":true,"href":"https:\/\/abcdi.org.br\/index.php\/wp-json\/wp\/v2\/comments?post=7848"}],"version-history":[{"count":2,"href":"https:\/\/abcdi.org.br\/index.php\/wp-json\/wp\/v2\/posts\/7848\/revisions"}],"predecessor-version":[{"id":7958,"href":"https:\/\/abcdi.org.br\/index.php\/wp-json\/wp\/v2\/posts\/7848\/revisions\/7958"}],"wp:featuredmedia":[{"embeddable":true,"href":"https:\/\/abcdi.org.br\/index.php\/wp-json\/wp\/v2\/media\/7856"}],"wp:attachment":[{"href":"https:\/\/abcdi.org.br\/index.php\/wp-json\/wp\/v2\/media?parent=7848"}],"wp:term":[{"taxonomy":"category","embeddable":true,"href":"https:\/\/abcdi.org.br\/index.php\/wp-json\/wp\/v2\/categories?post=7848"},{"taxonomy":"post_tag","embeddable":true,"href":"https:\/\/abcdi.org.br\/index.php\/wp-json\/wp\/v2\/tags?post=7848"}],"curies":[{"name":"wp","href":"https:\/\/api.w.org\/{rel}","templated":true}]}}