{"id":6457,"date":"2025-01-29T13:20:21","date_gmt":"2025-01-29T16:20:21","guid":{"rendered":"https:\/\/abcdi.org.br\/?p=6457"},"modified":"2025-03-17T15:47:19","modified_gmt":"2025-03-17T18:47:19","slug":"ans-divulga-versao-de-janeiro-de-2025-do-padrao-tiss","status":"publish","type":"post","link":"https:\/\/abcdi.org.br\/index.php\/2025\/01\/29\/ans-divulga-versao-de-janeiro-de-2025-do-padrao-tiss\/","title":{"rendered":"ANS divulga vers\u00e3o de janeiro de 2025 do Padr\u00e3o TISS"},"content":{"rendered":"\n<p>A Ag\u00eancia Nacional de Sa\u00fade Suplementar (ANS) disponibilizou a vers\u00e3o de janeiro de 2025 do Padr\u00e3o TISS. Foram realizadas as seguintes altera\u00e7\u00f5es:<\/p>\n\n\n\n<p>Atualiza\u00e7\u00e3o das terminologias de materiais e OPME (tabela 19), medicamentos (tabela 20), procedimentos e eventos em sa\u00fade (tabela 22) e forma de envio de procedimentos e itens assistenciais para ANS (tabela 64), do componente de Representa\u00e7\u00e3o de Conceitos em Sa\u00fade (TUSS); atualiza\u00e7\u00e3o do componente Organizacional.<\/p>\n\n\n\n<p>Acesse os links abaixo e confira na \u00edntegra a nova vers\u00e3o<\/p>\n\n\n\n<p><a href=\"https:\/\/www.gov.br\/ans\/pt-br\/assuntos\/prestadores\/padrao-para-troca-de-informacao-de-saude-suplementar-2013-tiss\/padrao-tiss-janeiro-2025\">Arquivos do Padr\u00e3o TISS e Arquivos Auxiliares<\/a><\/p>\n\n\n\n<p><a href=\"https:\/\/www.gov.br\/ans\/pt-br\/assuntos\/prestadores\/padrao-para-troca-de-informacao-de-saude-suplementar-2013-tiss\/PadroTISS_ComponenteOrganizacional_202501.pdf\">Padr\u00e3o TISS \u2013 Janeiro\/2025 \u2013 Componente Organizacional<\/a><\/p>\n\n\n\n<p><strong>Sobre o TISS<\/strong><\/p>\n\n\n\n<p>A Troca de Informa\u00e7\u00f5es na Sa\u00fade Suplementar (TISS) foi estabelecida como um padr\u00e3o obrigat\u00f3rio para as trocas eletr\u00f4nicas de dados de aten\u00e7\u00e3o \u00e0 sa\u00fade dos benefici\u00e1rios de planos. O objetivo \u00e9 padronizar as a\u00e7\u00f5es administrativas, subsidiar avalia\u00e7\u00f5es e acompanhamentos econ\u00f4mico, financeiro e assistencial das operadoras de planos privados de assist\u00eancia \u00e0 sa\u00fade e compor o Registro Eletr\u00f4nico de Sa\u00fade.<\/p>\n","protected":false},"excerpt":{"rendered":"<p>A Ag\u00eancia Nacional de Sa\u00fade Suplementar (ANS) disponibilizou a vers\u00e3o de janeiro de 2025 do Padr\u00e3o TISS. Foram realizadas as seguintes altera\u00e7\u00f5es: Atualiza\u00e7\u00e3o das terminologias de materiais e OPME (tabela 19), medicamentos (tabela 20), procedimentos e eventos em sa\u00fade (tabela 22) e forma de envio de procedimentos e itens assistenciais para ANS (tabela 64), do [&hellip;]<\/p>\n","protected":false},"author":20,"featured_media":6458,"comment_status":"closed","ping_status":"open","sticky":false,"template":"","format":"standard","meta":{"site-sidebar-layout":"default","site-content-layout":"","ast-site-content-layout":"default","site-content-style":"default","site-sidebar-style":"default","ast-global-header-display":"","ast-banner-title-visibility":"","ast-main-header-display":"","ast-hfb-above-header-display":"","ast-hfb-below-header-display":"","ast-hfb-mobile-header-display":"","site-post-title":"","ast-breadcrumbs-content":"","ast-featured-img":"","footer-sml-layout":"","ast-disable-related-posts":"","theme-transparent-header-meta":"","adv-header-id-meta":"","stick-header-meta":"","header-above-stick-meta":"","header-main-stick-meta":"","header-below-stick-meta":"","astra-migrate-meta-layouts":"default","ast-page-background-enabled":"default","ast-page-background-meta":{"desktop":{"background-color":"var(--ast-global-color-4)","background-image":"","background-repeat":"repeat","background-position":"center center","background-size":"auto","background-attachment":"scroll","background-type":"","background-media":"","overlay-type":"","overlay-color":"","overlay-opacity":"","overlay-gradient":""},"tablet":{"background-color":"","background-image":"","background-repeat":"repeat","background-position":"center center","background-size":"auto","background-attachment":"scroll","background-type":"","background-media":"","overlay-type":"","overlay-color":"","overlay-opacity":"","overlay-gradient":""},"mobile":{"background-color":"","background-image":"","background-repeat":"repeat","background-position":"center center","background-size":"auto","background-attachment":"scroll","background-type":"","background-media":"","overlay-type":"","overlay-color":"","overlay-opacity":"","overlay-gradient":""}},"ast-content-background-meta":{"desktop":{"background-color":"var(--ast-global-color-5)","background-image":"","background-repeat":"repeat","background-position":"center center","background-size":"auto","background-attachment":"scroll","background-type":"","background-media":"","overlay-type":"","overlay-color":"","overlay-opacity":"","overlay-gradient":""},"tablet":{"background-color":"var(--ast-global-color-5)","background-image":"","background-repeat":"repeat","background-position":"center center","background-size":"auto","background-attachment":"scroll","background-type":"","background-media":"","overlay-type":"","overlay-color":"","overlay-opacity":"","overlay-gradient":""},"mobile":{"background-color":"var(--ast-global-color-5)","background-image":"","background-repeat":"repeat","background-position":"center center","background-size":"auto","background-attachment":"scroll","background-type":"","background-media":"","overlay-type":"","overlay-color":"","overlay-opacity":"","overlay-gradient":""}},"footnotes":""},"categories":[25],"tags":[],"class_list":["post-6457","post","type-post","status-publish","format-standard","has-post-thumbnail","hentry","category-mercado-abcdi"],"yoast_head":"<!-- This site is optimized with the Yoast SEO plugin v27.5 - https:\/\/yoast.com\/product\/yoast-seo-wordpress\/ -->\n<title>ANS divulga vers\u00e3o de janeiro de 2025 do Padr\u00e3o TISS -<\/title>\n<meta name=\"description\" content=\"A TISS foi estabelecida como um padr\u00e3o obrigat\u00f3rio para as trocas eletr\u00f4nicas de dados de aten\u00e7\u00e3o \u00e0 sa\u00fade dos benefici\u00e1rios de planos\" \/>\n<meta name=\"robots\" content=\"index, follow, max-snippet:-1, max-image-preview:large, max-video-preview:-1\" \/>\n<link rel=\"canonical\" href=\"https:\/\/abcdi.org.br\/index.php\/2025\/01\/29\/ans-divulga-versao-de-janeiro-de-2025-do-padrao-tiss\/\" \/>\n<meta property=\"og:locale\" content=\"pt_BR\" \/>\n<meta property=\"og:type\" content=\"article\" \/>\n<meta property=\"og:title\" content=\"ANS divulga vers\u00e3o de janeiro de 2025 do Padr\u00e3o TISS -\" \/>\n<meta property=\"og:description\" content=\"A TISS foi estabelecida como um padr\u00e3o obrigat\u00f3rio para as trocas eletr\u00f4nicas de dados de aten\u00e7\u00e3o \u00e0 sa\u00fade dos benefici\u00e1rios de planos\" \/>\n<meta property=\"og:url\" content=\"https:\/\/abcdi.org.br\/index.php\/2025\/01\/29\/ans-divulga-versao-de-janeiro-de-2025-do-padrao-tiss\/\" \/>\n<meta property=\"article:published_time\" content=\"2025-01-29T16:20:21+00:00\" \/>\n<meta property=\"article:modified_time\" content=\"2025-03-17T18:47:19+00:00\" \/>\n<meta property=\"og:image\" content=\"https:\/\/abcdi.org.br\/wp-content\/uploads\/2025\/02\/padrao_tiss_janeiro2025_site.jpg\" \/>\n\t<meta property=\"og:image:width\" content=\"1000\" \/>\n\t<meta property=\"og:image:height\" content=\"1000\" \/>\n\t<meta property=\"og:image:type\" content=\"image\/jpeg\" \/>\n<meta name=\"author\" content=\"Reda\u00e7\u00e3o CBR\" \/>\n<meta name=\"twitter:card\" content=\"summary_large_image\" \/>\n<meta name=\"twitter:label1\" content=\"Escrito por\" \/>\n\t<meta name=\"twitter:data1\" content=\"Reda\u00e7\u00e3o CBR\" \/>\n\t<meta name=\"twitter:label2\" content=\"Est. tempo de leitura\" \/>\n\t<meta name=\"twitter:data2\" content=\"2 minutos\" \/>\n<script type=\"application\/ld+json\" class=\"yoast-schema-graph\">{\"@context\":\"https:\\\/\\\/schema.org\",\"@graph\":[{\"@type\":\"Article\",\"@id\":\"https:\\\/\\\/abcdi.org.br\\\/index.php\\\/2025\\\/01\\\/29\\\/ans-divulga-versao-de-janeiro-de-2025-do-padrao-tiss\\\/#article\",\"isPartOf\":{\"@id\":\"https:\\\/\\\/abcdi.org.br\\\/index.php\\\/2025\\\/01\\\/29\\\/ans-divulga-versao-de-janeiro-de-2025-do-padrao-tiss\\\/\"},\"author\":{\"name\":\"Reda\u00e7\u00e3o CBR\",\"@id\":\"https:\\\/\\\/abcdi.org.br\\\/#\\\/schema\\\/person\\\/74c2a4475088ac02204aab920a1c43b2\"},\"headline\":\"ANS divulga vers\u00e3o de janeiro de 2025 do Padr\u00e3o TISS\",\"datePublished\":\"2025-01-29T16:20:21+00:00\",\"dateModified\":\"2025-03-17T18:47:19+00:00\",\"mainEntityOfPage\":{\"@id\":\"https:\\\/\\\/abcdi.org.br\\\/index.php\\\/2025\\\/01\\\/29\\\/ans-divulga-versao-de-janeiro-de-2025-do-padrao-tiss\\\/\"},\"wordCount\":183,\"image\":{\"@id\":\"https:\\\/\\\/abcdi.org.br\\\/index.php\\\/2025\\\/01\\\/29\\\/ans-divulga-versao-de-janeiro-de-2025-do-padrao-tiss\\\/#primaryimage\"},\"thumbnailUrl\":\"https:\\\/\\\/abcdi.org.br\\\/wp-content\\\/uploads\\\/2025\\\/02\\\/padrao_tiss_janeiro2025_site.jpg\",\"articleSection\":[\"Mercado ABCDI\"],\"inLanguage\":\"pt-BR\"},{\"@type\":\"WebPage\",\"@id\":\"https:\\\/\\\/abcdi.org.br\\\/index.php\\\/2025\\\/01\\\/29\\\/ans-divulga-versao-de-janeiro-de-2025-do-padrao-tiss\\\/\",\"url\":\"https:\\\/\\\/abcdi.org.br\\\/index.php\\\/2025\\\/01\\\/29\\\/ans-divulga-versao-de-janeiro-de-2025-do-padrao-tiss\\\/\",\"name\":\"ANS divulga vers\u00e3o de janeiro de 2025 do Padr\u00e3o TISS -\",\"isPartOf\":{\"@id\":\"https:\\\/\\\/abcdi.org.br\\\/#website\"},\"primaryImageOfPage\":{\"@id\":\"https:\\\/\\\/abcdi.org.br\\\/index.php\\\/2025\\\/01\\\/29\\\/ans-divulga-versao-de-janeiro-de-2025-do-padrao-tiss\\\/#primaryimage\"},\"image\":{\"@id\":\"https:\\\/\\\/abcdi.org.br\\\/index.php\\\/2025\\\/01\\\/29\\\/ans-divulga-versao-de-janeiro-de-2025-do-padrao-tiss\\\/#primaryimage\"},\"thumbnailUrl\":\"https:\\\/\\\/abcdi.org.br\\\/wp-content\\\/uploads\\\/2025\\\/02\\\/padrao_tiss_janeiro2025_site.jpg\",\"datePublished\":\"2025-01-29T16:20:21+00:00\",\"dateModified\":\"2025-03-17T18:47:19+00:00\",\"author\":{\"@id\":\"https:\\\/\\\/abcdi.org.br\\\/#\\\/schema\\\/person\\\/74c2a4475088ac02204aab920a1c43b2\"},\"description\":\"A TISS foi estabelecida como um padr\u00e3o obrigat\u00f3rio para as trocas eletr\u00f4nicas de dados de aten\u00e7\u00e3o \u00e0 sa\u00fade dos benefici\u00e1rios de planos\",\"breadcrumb\":{\"@id\":\"https:\\\/\\\/abcdi.org.br\\\/index.php\\\/2025\\\/01\\\/29\\\/ans-divulga-versao-de-janeiro-de-2025-do-padrao-tiss\\\/#breadcrumb\"},\"inLanguage\":\"pt-BR\",\"potentialAction\":[{\"@type\":\"ReadAction\",\"target\":[\"https:\\\/\\\/abcdi.org.br\\\/index.php\\\/2025\\\/01\\\/29\\\/ans-divulga-versao-de-janeiro-de-2025-do-padrao-tiss\\\/\"]}]},{\"@type\":\"ImageObject\",\"inLanguage\":\"pt-BR\",\"@id\":\"https:\\\/\\\/abcdi.org.br\\\/index.php\\\/2025\\\/01\\\/29\\\/ans-divulga-versao-de-janeiro-de-2025-do-padrao-tiss\\\/#primaryimage\",\"url\":\"https:\\\/\\\/abcdi.org.br\\\/wp-content\\\/uploads\\\/2025\\\/02\\\/padrao_tiss_janeiro2025_site.jpg\",\"contentUrl\":\"https:\\\/\\\/abcdi.org.br\\\/wp-content\\\/uploads\\\/2025\\\/02\\\/padrao_tiss_janeiro2025_site.jpg\",\"width\":1000,\"height\":1000},{\"@type\":\"BreadcrumbList\",\"@id\":\"https:\\\/\\\/abcdi.org.br\\\/index.php\\\/2025\\\/01\\\/29\\\/ans-divulga-versao-de-janeiro-de-2025-do-padrao-tiss\\\/#breadcrumb\",\"itemListElement\":[{\"@type\":\"ListItem\",\"position\":1,\"name\":\"In\u00edcio\",\"item\":\"https:\\\/\\\/abcdi.org.br\\\/\"},{\"@type\":\"ListItem\",\"position\":2,\"name\":\"ANS divulga vers\u00e3o de janeiro de 2025 do Padr\u00e3o TISS\"}]},{\"@type\":\"WebSite\",\"@id\":\"https:\\\/\\\/abcdi.org.br\\\/#website\",\"url\":\"https:\\\/\\\/abcdi.org.br\\\/\",\"name\":\"\",\"description\":\"ABCDI - Associa\u00e7\u00e3o Brasileira de Cl\u00ednicas de Diagnostico por Imagem\",\"potentialAction\":[{\"@type\":\"SearchAction\",\"target\":{\"@type\":\"EntryPoint\",\"urlTemplate\":\"https:\\\/\\\/abcdi.org.br\\\/?s={search_term_string}\"},\"query-input\":{\"@type\":\"PropertyValueSpecification\",\"valueRequired\":true,\"valueName\":\"search_term_string\"}}],\"inLanguage\":\"pt-BR\"},{\"@type\":\"Person\",\"@id\":\"https:\\\/\\\/abcdi.org.br\\\/#\\\/schema\\\/person\\\/74c2a4475088ac02204aab920a1c43b2\",\"name\":\"Reda\u00e7\u00e3o CBR\",\"image\":{\"@type\":\"ImageObject\",\"inLanguage\":\"pt-BR\",\"@id\":\"https:\\\/\\\/secure.gravatar.com\\\/avatar\\\/4f433578045f08035c97adcc71f2fc11eaa1129a652c0f8ec846f42e60939945?s=96&d=mm&r=g\",\"url\":\"https:\\\/\\\/secure.gravatar.com\\\/avatar\\\/4f433578045f08035c97adcc71f2fc11eaa1129a652c0f8ec846f42e60939945?s=96&d=mm&r=g\",\"contentUrl\":\"https:\\\/\\\/secure.gravatar.com\\\/avatar\\\/4f433578045f08035c97adcc71f2fc11eaa1129a652c0f8ec846f42e60939945?s=96&d=mm&r=g\",\"caption\":\"Reda\u00e7\u00e3o CBR\"},\"url\":\"https:\\\/\\\/abcdi.org.br\\\/index.php\\\/author\\\/redacao\\\/\"}]}<\/script>\n<!-- \/ Yoast SEO plugin. -->","yoast_head_json":{"title":"ANS divulga vers\u00e3o de janeiro de 2025 do Padr\u00e3o TISS -","description":"A TISS foi estabelecida como um padr\u00e3o obrigat\u00f3rio para as trocas eletr\u00f4nicas de dados de aten\u00e7\u00e3o \u00e0 sa\u00fade dos benefici\u00e1rios de planos","robots":{"index":"index","follow":"follow","max-snippet":"max-snippet:-1","max-image-preview":"max-image-preview:large","max-video-preview":"max-video-preview:-1"},"canonical":"https:\/\/abcdi.org.br\/index.php\/2025\/01\/29\/ans-divulga-versao-de-janeiro-de-2025-do-padrao-tiss\/","og_locale":"pt_BR","og_type":"article","og_title":"ANS divulga vers\u00e3o de janeiro de 2025 do Padr\u00e3o TISS -","og_description":"A TISS foi estabelecida como um padr\u00e3o obrigat\u00f3rio para as trocas eletr\u00f4nicas de dados de aten\u00e7\u00e3o \u00e0 sa\u00fade dos benefici\u00e1rios de planos","og_url":"https:\/\/abcdi.org.br\/index.php\/2025\/01\/29\/ans-divulga-versao-de-janeiro-de-2025-do-padrao-tiss\/","article_published_time":"2025-01-29T16:20:21+00:00","article_modified_time":"2025-03-17T18:47:19+00:00","og_image":[{"width":1000,"height":1000,"url":"https:\/\/abcdi.org.br\/wp-content\/uploads\/2025\/02\/padrao_tiss_janeiro2025_site.jpg","type":"image\/jpeg"}],"author":"Reda\u00e7\u00e3o CBR","twitter_card":"summary_large_image","twitter_misc":{"Escrito por":"Reda\u00e7\u00e3o CBR","Est. tempo de leitura":"2 minutos"},"schema":{"@context":"https:\/\/schema.org","@graph":[{"@type":"Article","@id":"https:\/\/abcdi.org.br\/index.php\/2025\/01\/29\/ans-divulga-versao-de-janeiro-de-2025-do-padrao-tiss\/#article","isPartOf":{"@id":"https:\/\/abcdi.org.br\/index.php\/2025\/01\/29\/ans-divulga-versao-de-janeiro-de-2025-do-padrao-tiss\/"},"author":{"name":"Reda\u00e7\u00e3o CBR","@id":"https:\/\/abcdi.org.br\/#\/schema\/person\/74c2a4475088ac02204aab920a1c43b2"},"headline":"ANS divulga vers\u00e3o de janeiro de 2025 do Padr\u00e3o TISS","datePublished":"2025-01-29T16:20:21+00:00","dateModified":"2025-03-17T18:47:19+00:00","mainEntityOfPage":{"@id":"https:\/\/abcdi.org.br\/index.php\/2025\/01\/29\/ans-divulga-versao-de-janeiro-de-2025-do-padrao-tiss\/"},"wordCount":183,"image":{"@id":"https:\/\/abcdi.org.br\/index.php\/2025\/01\/29\/ans-divulga-versao-de-janeiro-de-2025-do-padrao-tiss\/#primaryimage"},"thumbnailUrl":"https:\/\/abcdi.org.br\/wp-content\/uploads\/2025\/02\/padrao_tiss_janeiro2025_site.jpg","articleSection":["Mercado ABCDI"],"inLanguage":"pt-BR"},{"@type":"WebPage","@id":"https:\/\/abcdi.org.br\/index.php\/2025\/01\/29\/ans-divulga-versao-de-janeiro-de-2025-do-padrao-tiss\/","url":"https:\/\/abcdi.org.br\/index.php\/2025\/01\/29\/ans-divulga-versao-de-janeiro-de-2025-do-padrao-tiss\/","name":"ANS divulga vers\u00e3o de janeiro de 2025 do Padr\u00e3o TISS -","isPartOf":{"@id":"https:\/\/abcdi.org.br\/#website"},"primaryImageOfPage":{"@id":"https:\/\/abcdi.org.br\/index.php\/2025\/01\/29\/ans-divulga-versao-de-janeiro-de-2025-do-padrao-tiss\/#primaryimage"},"image":{"@id":"https:\/\/abcdi.org.br\/index.php\/2025\/01\/29\/ans-divulga-versao-de-janeiro-de-2025-do-padrao-tiss\/#primaryimage"},"thumbnailUrl":"https:\/\/abcdi.org.br\/wp-content\/uploads\/2025\/02\/padrao_tiss_janeiro2025_site.jpg","datePublished":"2025-01-29T16:20:21+00:00","dateModified":"2025-03-17T18:47:19+00:00","author":{"@id":"https:\/\/abcdi.org.br\/#\/schema\/person\/74c2a4475088ac02204aab920a1c43b2"},"description":"A TISS foi estabelecida como um padr\u00e3o obrigat\u00f3rio para as trocas eletr\u00f4nicas de dados de aten\u00e7\u00e3o \u00e0 sa\u00fade dos benefici\u00e1rios de planos","breadcrumb":{"@id":"https:\/\/abcdi.org.br\/index.php\/2025\/01\/29\/ans-divulga-versao-de-janeiro-de-2025-do-padrao-tiss\/#breadcrumb"},"inLanguage":"pt-BR","potentialAction":[{"@type":"ReadAction","target":["https:\/\/abcdi.org.br\/index.php\/2025\/01\/29\/ans-divulga-versao-de-janeiro-de-2025-do-padrao-tiss\/"]}]},{"@type":"ImageObject","inLanguage":"pt-BR","@id":"https:\/\/abcdi.org.br\/index.php\/2025\/01\/29\/ans-divulga-versao-de-janeiro-de-2025-do-padrao-tiss\/#primaryimage","url":"https:\/\/abcdi.org.br\/wp-content\/uploads\/2025\/02\/padrao_tiss_janeiro2025_site.jpg","contentUrl":"https:\/\/abcdi.org.br\/wp-content\/uploads\/2025\/02\/padrao_tiss_janeiro2025_site.jpg","width":1000,"height":1000},{"@type":"BreadcrumbList","@id":"https:\/\/abcdi.org.br\/index.php\/2025\/01\/29\/ans-divulga-versao-de-janeiro-de-2025-do-padrao-tiss\/#breadcrumb","itemListElement":[{"@type":"ListItem","position":1,"name":"In\u00edcio","item":"https:\/\/abcdi.org.br\/"},{"@type":"ListItem","position":2,"name":"ANS divulga vers\u00e3o de janeiro de 2025 do Padr\u00e3o TISS"}]},{"@type":"WebSite","@id":"https:\/\/abcdi.org.br\/#website","url":"https:\/\/abcdi.org.br\/","name":"","description":"ABCDI - Associa\u00e7\u00e3o Brasileira de Cl\u00ednicas de Diagnostico por Imagem","potentialAction":[{"@type":"SearchAction","target":{"@type":"EntryPoint","urlTemplate":"https:\/\/abcdi.org.br\/?s={search_term_string}"},"query-input":{"@type":"PropertyValueSpecification","valueRequired":true,"valueName":"search_term_string"}}],"inLanguage":"pt-BR"},{"@type":"Person","@id":"https:\/\/abcdi.org.br\/#\/schema\/person\/74c2a4475088ac02204aab920a1c43b2","name":"Reda\u00e7\u00e3o CBR","image":{"@type":"ImageObject","inLanguage":"pt-BR","@id":"https:\/\/secure.gravatar.com\/avatar\/4f433578045f08035c97adcc71f2fc11eaa1129a652c0f8ec846f42e60939945?s=96&d=mm&r=g","url":"https:\/\/secure.gravatar.com\/avatar\/4f433578045f08035c97adcc71f2fc11eaa1129a652c0f8ec846f42e60939945?s=96&d=mm&r=g","contentUrl":"https:\/\/secure.gravatar.com\/avatar\/4f433578045f08035c97adcc71f2fc11eaa1129a652c0f8ec846f42e60939945?s=96&d=mm&r=g","caption":"Reda\u00e7\u00e3o CBR"},"url":"https:\/\/abcdi.org.br\/index.php\/author\/redacao\/"}]}},"_links":{"self":[{"href":"https:\/\/abcdi.org.br\/index.php\/wp-json\/wp\/v2\/posts\/6457","targetHints":{"allow":["GET"]}}],"collection":[{"href":"https:\/\/abcdi.org.br\/index.php\/wp-json\/wp\/v2\/posts"}],"about":[{"href":"https:\/\/abcdi.org.br\/index.php\/wp-json\/wp\/v2\/types\/post"}],"author":[{"embeddable":true,"href":"https:\/\/abcdi.org.br\/index.php\/wp-json\/wp\/v2\/users\/20"}],"replies":[{"embeddable":true,"href":"https:\/\/abcdi.org.br\/index.php\/wp-json\/wp\/v2\/comments?post=6457"}],"version-history":[{"count":1,"href":"https:\/\/abcdi.org.br\/index.php\/wp-json\/wp\/v2\/posts\/6457\/revisions"}],"predecessor-version":[{"id":6459,"href":"https:\/\/abcdi.org.br\/index.php\/wp-json\/wp\/v2\/posts\/6457\/revisions\/6459"}],"wp:featuredmedia":[{"embeddable":true,"href":"https:\/\/abcdi.org.br\/index.php\/wp-json\/wp\/v2\/media\/6458"}],"wp:attachment":[{"href":"https:\/\/abcdi.org.br\/index.php\/wp-json\/wp\/v2\/media?parent=6457"}],"wp:term":[{"taxonomy":"category","embeddable":true,"href":"https:\/\/abcdi.org.br\/index.php\/wp-json\/wp\/v2\/categories?post=6457"},{"taxonomy":"post_tag","embeddable":true,"href":"https:\/\/abcdi.org.br\/index.php\/wp-json\/wp\/v2\/tags?post=6457"}],"curies":[{"name":"wp","href":"https:\/\/api.w.org\/{rel}","templated":true}]}}