{"id":6405,"date":"2025-02-03T11:44:00","date_gmt":"2025-02-03T14:44:00","guid":{"rendered":"https:\/\/abcdi.org.br\/?p=6405"},"modified":"2025-03-07T10:05:52","modified_gmt":"2025-03-07T13:05:52","slug":"curso-de-gestao-de-clinicas-de-2025-vem-ai-com-novidades","status":"publish","type":"post","link":"https:\/\/abcdi.org.br\/index.php\/2025\/02\/03\/curso-de-gestao-de-clinicas-de-2025-vem-ai-com-novidades\/","title":{"rendered":"Curso de Gest\u00e3o de Cl\u00ednicas de 2025 vem a\u00ed com novidades"},"content":{"rendered":"\n<h3 class=\"wp-block-heading has-text-align-center\"><strong><mark style=\"background-color:rgba(0, 0, 0, 0)\" class=\"has-inline-color has-ast-global-color-0-color\">Al\u00e9m de uma aula com nova tem\u00e1tica, o curso mudar\u00e1 de formato, deixando de ser online para acontecer no formato h\u00edbrido&nbsp;<\/mark><\/strong><\/h3>\n\n\n\n<p>O curso de<strong> Gest\u00e3o de Cl\u00ednicas de 2025 <\/strong>vem a\u00ed com novidades. O tradicional curso ofertado pela Associa\u00e7\u00e3o Brasileira das Cl\u00ednicas de Diagn\u00f3stico por Imagem (ABCDI) ter\u00e1 mais uma edi\u00e7\u00e3o, dessa vez o curso acontecer\u00e1 no <strong>formato h\u00edbrido.<\/strong><br><\/p>\n\n\n\n<p>Cada m\u00f3dulo ter\u00e1 duas aulas, a primeira<strong> online e<\/strong> a segunda <strong>presencial na sede do Col\u00e9gio Brasileiro de Radiologia e Diagn\u00f3stico por Imagem<\/strong> (CBR). As aulas online acontecer\u00e3o \u00e0s <strong>ter\u00e7as-feiras<\/strong>, <strong>das 19h \u00e0s 22h30<\/strong> (hor\u00e1rio de Bras\u00edlia-DF), j\u00e1 as presenciais ser\u00e3o \u00e0s <strong>sextas-feiras, das 8h30 \u00e0s 17h30.<\/strong><\/p>\n\n\n\n<p>O curso segue tendo <strong>seis m\u00f3dulos<\/strong>, por\u00e9m nesta edi\u00e7\u00e3o a grande novidade \u00e9 a substitui\u00e7\u00e3o de um tema antigo por um novo. A <strong>altera\u00e7\u00e3o <\/strong>ser\u00e1 no <strong>m\u00f3dulo 5<\/strong>, o tema \u2018Aprendendo a analisar investimento para diminuir riscos e garantir o retorno\u2019 n\u00e3o far\u00e1 mais parte da grade do curso. O novo tema ser\u00e1 <strong>\u2018Governan\u00e7a e acordo de s\u00f3cios em sociedades m\u00e9dicas<\/strong>\u2019.<\/p>\n\n\n\n<h2 class=\"wp-block-heading\"><strong><mark style=\"background-color:rgba(0, 0, 0, 0)\" class=\"has-inline-color has-ast-global-color-0-color\">Confira os temas de todos os m\u00f3dulos:<\/mark><\/strong><\/h2>\n\n\n\n<ul class=\"wp-block-list\">\n<li>M\u00f3dulo 1 &#8211; <strong>Oportunidades e Tend\u00eancias do Mercado da Sa\u00fade Suplementar;<\/strong><\/li>\n\n\n\n<li>M\u00f3dulo 2 &#8211; <strong>Planejamento Estrat\u00e9gico e Modelo de Gest\u00e3o Corporativo<\/strong>;<\/li>\n\n\n\n<li>M\u00f3dulo 3 &#8211;<strong> Aprendendo a Negociar de Forma Efetiva com as Operadoras de Sa\u00fade;<\/strong><\/li>\n\n\n\n<li>M\u00f3dulo 4 &#8211; <strong>Como Garantir a Sustentabilidade Financeira das Cl\u00ednicas<\/strong>;<\/li>\n\n\n\n<li>M\u00f3dulo 5 &#8211; <strong>Governan\u00e7a e Acordo de S\u00f3cios em Sociedades M\u00e9dicas (NOVO)<\/strong>;<\/li>\n\n\n\n<li>M\u00f3dulo 6 &#8211; <strong>Reduzindo Custos e Aumentando a Produtividade Utilizando Tecnologia da Informa\u00e7\u00e3o.<\/strong><\/li>\n<\/ul>\n\n\n\n<p><strong>Fique atento as redes sociais do CBR, em breve sair\u00e1 o calend\u00e1rio com as datas de cada m\u00f3dulo.<\/strong><\/p>\n\n\n\n<div class=\"wp-block-buttons is-content-justification-center is-layout-flex wp-container-core-buttons-is-layout-72caf8c6 wp-block-buttons-is-layout-flex\">\n<div class=\"wp-block-button\"><a class=\"wp-block-button__link wp-element-button\" href=\"https:\/\/abcdi.org.br\/index.php\/gestao-de-clinicas\/\">Inscreva-se!<\/a><\/div>\n<\/div>\n","protected":false},"excerpt":{"rendered":"<p>Al\u00e9m de uma aula com nova tem\u00e1tica, o curso mudar\u00e1 de formato, deixando de ser online para acontecer no formato h\u00edbrido&nbsp; O curso de Gest\u00e3o de Cl\u00ednicas de 2025 vem a\u00ed com novidades. O tradicional curso ofertado pela Associa\u00e7\u00e3o Brasileira das Cl\u00ednicas de Diagn\u00f3stico por Imagem (ABCDI) ter\u00e1 mais uma edi\u00e7\u00e3o, dessa vez o curso [&hellip;]<\/p>\n","protected":false},"author":20,"featured_media":6449,"comment_status":"closed","ping_status":"closed","sticky":false,"template":"","format":"standard","meta":{"site-sidebar-layout":"default","site-content-layout":"","ast-site-content-layout":"default","site-content-style":"default","site-sidebar-style":"default","ast-global-header-display":"","ast-banner-title-visibility":"","ast-main-header-display":"","ast-hfb-above-header-display":"","ast-hfb-below-header-display":"","ast-hfb-mobile-header-display":"","site-post-title":"","ast-breadcrumbs-content":"","ast-featured-img":"","footer-sml-layout":"","ast-disable-related-posts":"","theme-transparent-header-meta":"","adv-header-id-meta":"","stick-header-meta":"","header-above-stick-meta":"","header-main-stick-meta":"","header-below-stick-meta":"","astra-migrate-meta-layouts":"default","ast-page-background-enabled":"default","ast-page-background-meta":{"desktop":{"background-color":"var(--ast-global-color-4)","background-image":"","background-repeat":"repeat","background-position":"center center","background-size":"auto","background-attachment":"scroll","background-type":"","background-media":"","overlay-type":"","overlay-color":"","overlay-opacity":"","overlay-gradient":""},"tablet":{"background-color":"","background-image":"","background-repeat":"repeat","background-position":"center center","background-size":"auto","background-attachment":"scroll","background-type":"","background-media":"","overlay-type":"","overlay-color":"","overlay-opacity":"","overlay-gradient":""},"mobile":{"background-color":"","background-image":"","background-repeat":"repeat","background-position":"center center","background-size":"auto","background-attachment":"scroll","background-type":"","background-media":"","overlay-type":"","overlay-color":"","overlay-opacity":"","overlay-gradient":""}},"ast-content-background-meta":{"desktop":{"background-color":"var(--ast-global-color-5)","background-image":"","background-repeat":"repeat","background-position":"center center","background-size":"auto","background-attachment":"scroll","background-type":"","background-media":"","overlay-type":"","overlay-color":"","overlay-opacity":"","overlay-gradient":""},"tablet":{"background-color":"var(--ast-global-color-5)","background-image":"","background-repeat":"repeat","background-position":"center center","background-size":"auto","background-attachment":"scroll","background-type":"","background-media":"","overlay-type":"","overlay-color":"","overlay-opacity":"","overlay-gradient":""},"mobile":{"background-color":"var(--ast-global-color-5)","background-image":"","background-repeat":"repeat","background-position":"center center","background-size":"auto","background-attachment":"scroll","background-type":"","background-media":"","overlay-type":"","overlay-color":"","overlay-opacity":"","overlay-gradient":""}},"footnotes":""},"categories":[16,44,39],"tags":[20,28,87],"class_list":["post-6405","post","type-post","status-publish","format-standard","has-post-thumbnail","hentry","category-abcdi","category-cbr-clinicas","category-cbr-educa","tag-abcdi","tag-gestao-de-clinicas","tag-gestao-de-clinicas-3"],"yoast_head":"<!-- This site is optimized with the Yoast SEO plugin v27.5 - https:\/\/yoast.com\/product\/yoast-seo-wordpress\/ -->\n<title>Curso de Gest\u00e3o de Cl\u00ednicas de 2025 vem a\u00ed com novidades -<\/title>\n<meta name=\"description\" content=\"O curso de gest\u00e3o de cl\u00ednicas est\u00e1 com cara nova!! Novo m\u00f3dulo e modelo do curso, tr\u00e1s inova\u00e7\u00e3o e facilidade para seus alunos.\" \/>\n<meta name=\"robots\" content=\"index, follow, max-snippet:-1, max-image-preview:large, max-video-preview:-1\" \/>\n<link rel=\"canonical\" href=\"https:\/\/abcdi.org.br\/index.php\/2025\/02\/03\/curso-de-gestao-de-clinicas-de-2025-vem-ai-com-novidades\/\" \/>\n<meta property=\"og:locale\" content=\"pt_BR\" \/>\n<meta property=\"og:type\" content=\"article\" \/>\n<meta property=\"og:title\" content=\"Curso de Gest\u00e3o de Cl\u00ednicas de 2025 vem a\u00ed com novidades -\" \/>\n<meta property=\"og:description\" content=\"O curso de gest\u00e3o de cl\u00ednicas est\u00e1 com cara nova!! Novo m\u00f3dulo e modelo do curso, tr\u00e1s inova\u00e7\u00e3o e facilidade para seus alunos.\" \/>\n<meta property=\"og:url\" content=\"https:\/\/abcdi.org.br\/index.php\/2025\/02\/03\/curso-de-gestao-de-clinicas-de-2025-vem-ai-com-novidades\/\" \/>\n<meta property=\"article:published_time\" content=\"2025-02-03T14:44:00+00:00\" \/>\n<meta property=\"article:modified_time\" content=\"2025-03-07T13:05:52+00:00\" \/>\n<meta property=\"og:image\" content=\"https:\/\/abcdi.org.br\/wp-content\/uploads\/2024\/12\/1.jpg\" \/>\n\t<meta property=\"og:image:width\" content=\"1000\" \/>\n\t<meta property=\"og:image:height\" content=\"1000\" \/>\n\t<meta property=\"og:image:type\" content=\"image\/jpeg\" \/>\n<meta name=\"author\" content=\"Reda\u00e7\u00e3o CBR\" \/>\n<meta name=\"twitter:card\" content=\"summary_large_image\" \/>\n<meta name=\"twitter:label1\" content=\"Escrito por\" \/>\n\t<meta name=\"twitter:data1\" content=\"Reda\u00e7\u00e3o CBR\" \/>\n\t<meta name=\"twitter:label2\" content=\"Est. tempo de leitura\" \/>\n\t<meta name=\"twitter:data2\" content=\"2 minutos\" \/>\n<script type=\"application\/ld+json\" class=\"yoast-schema-graph\">{\"@context\":\"https:\\\/\\\/schema.org\",\"@graph\":[{\"@type\":\"Article\",\"@id\":\"https:\\\/\\\/abcdi.org.br\\\/index.php\\\/2025\\\/02\\\/03\\\/curso-de-gestao-de-clinicas-de-2025-vem-ai-com-novidades\\\/#article\",\"isPartOf\":{\"@id\":\"https:\\\/\\\/abcdi.org.br\\\/index.php\\\/2025\\\/02\\\/03\\\/curso-de-gestao-de-clinicas-de-2025-vem-ai-com-novidades\\\/\"},\"author\":{\"name\":\"Reda\u00e7\u00e3o CBR\",\"@id\":\"https:\\\/\\\/abcdi.org.br\\\/#\\\/schema\\\/person\\\/74c2a4475088ac02204aab920a1c43b2\"},\"headline\":\"Curso de Gest\u00e3o de Cl\u00ednicas de 2025 vem a\u00ed com novidades\",\"datePublished\":\"2025-02-03T14:44:00+00:00\",\"dateModified\":\"2025-03-07T13:05:52+00:00\",\"mainEntityOfPage\":{\"@id\":\"https:\\\/\\\/abcdi.org.br\\\/index.php\\\/2025\\\/02\\\/03\\\/curso-de-gestao-de-clinicas-de-2025-vem-ai-com-novidades\\\/\"},\"wordCount\":314,\"image\":{\"@id\":\"https:\\\/\\\/abcdi.org.br\\\/index.php\\\/2025\\\/02\\\/03\\\/curso-de-gestao-de-clinicas-de-2025-vem-ai-com-novidades\\\/#primaryimage\"},\"thumbnailUrl\":\"https:\\\/\\\/abcdi.org.br\\\/wp-content\\\/uploads\\\/2024\\\/12\\\/1.jpg\",\"keywords\":[\"ABCDI\",\"Gest\u00e3o de Cl\u00ednicas\",\"gest\u00e3o de clin\u00edcas\"],\"articleSection\":[\"ABCDI\",\"CBR Cl\u00ednicas\",\"CBR Educa\"],\"inLanguage\":\"pt-BR\"},{\"@type\":\"WebPage\",\"@id\":\"https:\\\/\\\/abcdi.org.br\\\/index.php\\\/2025\\\/02\\\/03\\\/curso-de-gestao-de-clinicas-de-2025-vem-ai-com-novidades\\\/\",\"url\":\"https:\\\/\\\/abcdi.org.br\\\/index.php\\\/2025\\\/02\\\/03\\\/curso-de-gestao-de-clinicas-de-2025-vem-ai-com-novidades\\\/\",\"name\":\"Curso de Gest\u00e3o de Cl\u00ednicas de 2025 vem a\u00ed com novidades -\",\"isPartOf\":{\"@id\":\"https:\\\/\\\/abcdi.org.br\\\/#website\"},\"primaryImageOfPage\":{\"@id\":\"https:\\\/\\\/abcdi.org.br\\\/index.php\\\/2025\\\/02\\\/03\\\/curso-de-gestao-de-clinicas-de-2025-vem-ai-com-novidades\\\/#primaryimage\"},\"image\":{\"@id\":\"https:\\\/\\\/abcdi.org.br\\\/index.php\\\/2025\\\/02\\\/03\\\/curso-de-gestao-de-clinicas-de-2025-vem-ai-com-novidades\\\/#primaryimage\"},\"thumbnailUrl\":\"https:\\\/\\\/abcdi.org.br\\\/wp-content\\\/uploads\\\/2024\\\/12\\\/1.jpg\",\"datePublished\":\"2025-02-03T14:44:00+00:00\",\"dateModified\":\"2025-03-07T13:05:52+00:00\",\"author\":{\"@id\":\"https:\\\/\\\/abcdi.org.br\\\/#\\\/schema\\\/person\\\/74c2a4475088ac02204aab920a1c43b2\"},\"description\":\"O curso de gest\u00e3o de cl\u00ednicas est\u00e1 com cara nova!! Novo m\u00f3dulo e modelo do curso, tr\u00e1s inova\u00e7\u00e3o e facilidade para seus alunos.\",\"breadcrumb\":{\"@id\":\"https:\\\/\\\/abcdi.org.br\\\/index.php\\\/2025\\\/02\\\/03\\\/curso-de-gestao-de-clinicas-de-2025-vem-ai-com-novidades\\\/#breadcrumb\"},\"inLanguage\":\"pt-BR\",\"potentialAction\":[{\"@type\":\"ReadAction\",\"target\":[\"https:\\\/\\\/abcdi.org.br\\\/index.php\\\/2025\\\/02\\\/03\\\/curso-de-gestao-de-clinicas-de-2025-vem-ai-com-novidades\\\/\"]}]},{\"@type\":\"ImageObject\",\"inLanguage\":\"pt-BR\",\"@id\":\"https:\\\/\\\/abcdi.org.br\\\/index.php\\\/2025\\\/02\\\/03\\\/curso-de-gestao-de-clinicas-de-2025-vem-ai-com-novidades\\\/#primaryimage\",\"url\":\"https:\\\/\\\/abcdi.org.br\\\/wp-content\\\/uploads\\\/2024\\\/12\\\/1.jpg\",\"contentUrl\":\"https:\\\/\\\/abcdi.org.br\\\/wp-content\\\/uploads\\\/2024\\\/12\\\/1.jpg\",\"width\":1000,\"height\":1000},{\"@type\":\"BreadcrumbList\",\"@id\":\"https:\\\/\\\/abcdi.org.br\\\/index.php\\\/2025\\\/02\\\/03\\\/curso-de-gestao-de-clinicas-de-2025-vem-ai-com-novidades\\\/#breadcrumb\",\"itemListElement\":[{\"@type\":\"ListItem\",\"position\":1,\"name\":\"In\u00edcio\",\"item\":\"https:\\\/\\\/abcdi.org.br\\\/\"},{\"@type\":\"ListItem\",\"position\":2,\"name\":\"Curso de Gest\u00e3o de Cl\u00ednicas de 2025 vem a\u00ed com novidades\"}]},{\"@type\":\"WebSite\",\"@id\":\"https:\\\/\\\/abcdi.org.br\\\/#website\",\"url\":\"https:\\\/\\\/abcdi.org.br\\\/\",\"name\":\"\",\"description\":\"ABCDI - Associa\u00e7\u00e3o Brasileira de Cl\u00ednicas de Diagnostico por Imagem\",\"potentialAction\":[{\"@type\":\"SearchAction\",\"target\":{\"@type\":\"EntryPoint\",\"urlTemplate\":\"https:\\\/\\\/abcdi.org.br\\\/?s={search_term_string}\"},\"query-input\":{\"@type\":\"PropertyValueSpecification\",\"valueRequired\":true,\"valueName\":\"search_term_string\"}}],\"inLanguage\":\"pt-BR\"},{\"@type\":\"Person\",\"@id\":\"https:\\\/\\\/abcdi.org.br\\\/#\\\/schema\\\/person\\\/74c2a4475088ac02204aab920a1c43b2\",\"name\":\"Reda\u00e7\u00e3o CBR\",\"image\":{\"@type\":\"ImageObject\",\"inLanguage\":\"pt-BR\",\"@id\":\"https:\\\/\\\/secure.gravatar.com\\\/avatar\\\/4f433578045f08035c97adcc71f2fc11eaa1129a652c0f8ec846f42e60939945?s=96&d=mm&r=g\",\"url\":\"https:\\\/\\\/secure.gravatar.com\\\/avatar\\\/4f433578045f08035c97adcc71f2fc11eaa1129a652c0f8ec846f42e60939945?s=96&d=mm&r=g\",\"contentUrl\":\"https:\\\/\\\/secure.gravatar.com\\\/avatar\\\/4f433578045f08035c97adcc71f2fc11eaa1129a652c0f8ec846f42e60939945?s=96&d=mm&r=g\",\"caption\":\"Reda\u00e7\u00e3o CBR\"},\"url\":\"https:\\\/\\\/abcdi.org.br\\\/index.php\\\/author\\\/redacao\\\/\"}]}<\/script>\n<!-- \/ Yoast SEO plugin. -->","yoast_head_json":{"title":"Curso de Gest\u00e3o de Cl\u00ednicas de 2025 vem a\u00ed com novidades -","description":"O curso de gest\u00e3o de cl\u00ednicas est\u00e1 com cara nova!! Novo m\u00f3dulo e modelo do curso, tr\u00e1s inova\u00e7\u00e3o e facilidade para seus alunos.","robots":{"index":"index","follow":"follow","max-snippet":"max-snippet:-1","max-image-preview":"max-image-preview:large","max-video-preview":"max-video-preview:-1"},"canonical":"https:\/\/abcdi.org.br\/index.php\/2025\/02\/03\/curso-de-gestao-de-clinicas-de-2025-vem-ai-com-novidades\/","og_locale":"pt_BR","og_type":"article","og_title":"Curso de Gest\u00e3o de Cl\u00ednicas de 2025 vem a\u00ed com novidades -","og_description":"O curso de gest\u00e3o de cl\u00ednicas est\u00e1 com cara nova!! Novo m\u00f3dulo e modelo do curso, tr\u00e1s inova\u00e7\u00e3o e facilidade para seus alunos.","og_url":"https:\/\/abcdi.org.br\/index.php\/2025\/02\/03\/curso-de-gestao-de-clinicas-de-2025-vem-ai-com-novidades\/","article_published_time":"2025-02-03T14:44:00+00:00","article_modified_time":"2025-03-07T13:05:52+00:00","og_image":[{"width":1000,"height":1000,"url":"https:\/\/abcdi.org.br\/wp-content\/uploads\/2024\/12\/1.jpg","type":"image\/jpeg"}],"author":"Reda\u00e7\u00e3o CBR","twitter_card":"summary_large_image","twitter_misc":{"Escrito por":"Reda\u00e7\u00e3o CBR","Est. tempo de leitura":"2 minutos"},"schema":{"@context":"https:\/\/schema.org","@graph":[{"@type":"Article","@id":"https:\/\/abcdi.org.br\/index.php\/2025\/02\/03\/curso-de-gestao-de-clinicas-de-2025-vem-ai-com-novidades\/#article","isPartOf":{"@id":"https:\/\/abcdi.org.br\/index.php\/2025\/02\/03\/curso-de-gestao-de-clinicas-de-2025-vem-ai-com-novidades\/"},"author":{"name":"Reda\u00e7\u00e3o CBR","@id":"https:\/\/abcdi.org.br\/#\/schema\/person\/74c2a4475088ac02204aab920a1c43b2"},"headline":"Curso de Gest\u00e3o de Cl\u00ednicas de 2025 vem a\u00ed com novidades","datePublished":"2025-02-03T14:44:00+00:00","dateModified":"2025-03-07T13:05:52+00:00","mainEntityOfPage":{"@id":"https:\/\/abcdi.org.br\/index.php\/2025\/02\/03\/curso-de-gestao-de-clinicas-de-2025-vem-ai-com-novidades\/"},"wordCount":314,"image":{"@id":"https:\/\/abcdi.org.br\/index.php\/2025\/02\/03\/curso-de-gestao-de-clinicas-de-2025-vem-ai-com-novidades\/#primaryimage"},"thumbnailUrl":"https:\/\/abcdi.org.br\/wp-content\/uploads\/2024\/12\/1.jpg","keywords":["ABCDI","Gest\u00e3o de Cl\u00ednicas","gest\u00e3o de clin\u00edcas"],"articleSection":["ABCDI","CBR Cl\u00ednicas","CBR Educa"],"inLanguage":"pt-BR"},{"@type":"WebPage","@id":"https:\/\/abcdi.org.br\/index.php\/2025\/02\/03\/curso-de-gestao-de-clinicas-de-2025-vem-ai-com-novidades\/","url":"https:\/\/abcdi.org.br\/index.php\/2025\/02\/03\/curso-de-gestao-de-clinicas-de-2025-vem-ai-com-novidades\/","name":"Curso de Gest\u00e3o de Cl\u00ednicas de 2025 vem a\u00ed com novidades -","isPartOf":{"@id":"https:\/\/abcdi.org.br\/#website"},"primaryImageOfPage":{"@id":"https:\/\/abcdi.org.br\/index.php\/2025\/02\/03\/curso-de-gestao-de-clinicas-de-2025-vem-ai-com-novidades\/#primaryimage"},"image":{"@id":"https:\/\/abcdi.org.br\/index.php\/2025\/02\/03\/curso-de-gestao-de-clinicas-de-2025-vem-ai-com-novidades\/#primaryimage"},"thumbnailUrl":"https:\/\/abcdi.org.br\/wp-content\/uploads\/2024\/12\/1.jpg","datePublished":"2025-02-03T14:44:00+00:00","dateModified":"2025-03-07T13:05:52+00:00","author":{"@id":"https:\/\/abcdi.org.br\/#\/schema\/person\/74c2a4475088ac02204aab920a1c43b2"},"description":"O curso de gest\u00e3o de cl\u00ednicas est\u00e1 com cara nova!! Novo m\u00f3dulo e modelo do curso, tr\u00e1s inova\u00e7\u00e3o e facilidade para seus alunos.","breadcrumb":{"@id":"https:\/\/abcdi.org.br\/index.php\/2025\/02\/03\/curso-de-gestao-de-clinicas-de-2025-vem-ai-com-novidades\/#breadcrumb"},"inLanguage":"pt-BR","potentialAction":[{"@type":"ReadAction","target":["https:\/\/abcdi.org.br\/index.php\/2025\/02\/03\/curso-de-gestao-de-clinicas-de-2025-vem-ai-com-novidades\/"]}]},{"@type":"ImageObject","inLanguage":"pt-BR","@id":"https:\/\/abcdi.org.br\/index.php\/2025\/02\/03\/curso-de-gestao-de-clinicas-de-2025-vem-ai-com-novidades\/#primaryimage","url":"https:\/\/abcdi.org.br\/wp-content\/uploads\/2024\/12\/1.jpg","contentUrl":"https:\/\/abcdi.org.br\/wp-content\/uploads\/2024\/12\/1.jpg","width":1000,"height":1000},{"@type":"BreadcrumbList","@id":"https:\/\/abcdi.org.br\/index.php\/2025\/02\/03\/curso-de-gestao-de-clinicas-de-2025-vem-ai-com-novidades\/#breadcrumb","itemListElement":[{"@type":"ListItem","position":1,"name":"In\u00edcio","item":"https:\/\/abcdi.org.br\/"},{"@type":"ListItem","position":2,"name":"Curso de Gest\u00e3o de Cl\u00ednicas de 2025 vem a\u00ed com novidades"}]},{"@type":"WebSite","@id":"https:\/\/abcdi.org.br\/#website","url":"https:\/\/abcdi.org.br\/","name":"","description":"ABCDI - Associa\u00e7\u00e3o Brasileira de Cl\u00ednicas de Diagnostico por Imagem","potentialAction":[{"@type":"SearchAction","target":{"@type":"EntryPoint","urlTemplate":"https:\/\/abcdi.org.br\/?s={search_term_string}"},"query-input":{"@type":"PropertyValueSpecification","valueRequired":true,"valueName":"search_term_string"}}],"inLanguage":"pt-BR"},{"@type":"Person","@id":"https:\/\/abcdi.org.br\/#\/schema\/person\/74c2a4475088ac02204aab920a1c43b2","name":"Reda\u00e7\u00e3o CBR","image":{"@type":"ImageObject","inLanguage":"pt-BR","@id":"https:\/\/secure.gravatar.com\/avatar\/4f433578045f08035c97adcc71f2fc11eaa1129a652c0f8ec846f42e60939945?s=96&d=mm&r=g","url":"https:\/\/secure.gravatar.com\/avatar\/4f433578045f08035c97adcc71f2fc11eaa1129a652c0f8ec846f42e60939945?s=96&d=mm&r=g","contentUrl":"https:\/\/secure.gravatar.com\/avatar\/4f433578045f08035c97adcc71f2fc11eaa1129a652c0f8ec846f42e60939945?s=96&d=mm&r=g","caption":"Reda\u00e7\u00e3o CBR"},"url":"https:\/\/abcdi.org.br\/index.php\/author\/redacao\/"}]}},"_links":{"self":[{"href":"https:\/\/abcdi.org.br\/index.php\/wp-json\/wp\/v2\/posts\/6405","targetHints":{"allow":["GET"]}}],"collection":[{"href":"https:\/\/abcdi.org.br\/index.php\/wp-json\/wp\/v2\/posts"}],"about":[{"href":"https:\/\/abcdi.org.br\/index.php\/wp-json\/wp\/v2\/types\/post"}],"author":[{"embeddable":true,"href":"https:\/\/abcdi.org.br\/index.php\/wp-json\/wp\/v2\/users\/20"}],"replies":[{"embeddable":true,"href":"https:\/\/abcdi.org.br\/index.php\/wp-json\/wp\/v2\/comments?post=6405"}],"version-history":[{"count":3,"href":"https:\/\/abcdi.org.br\/index.php\/wp-json\/wp\/v2\/posts\/6405\/revisions"}],"predecessor-version":[{"id":7233,"href":"https:\/\/abcdi.org.br\/index.php\/wp-json\/wp\/v2\/posts\/6405\/revisions\/7233"}],"wp:featuredmedia":[{"embeddable":true,"href":"https:\/\/abcdi.org.br\/index.php\/wp-json\/wp\/v2\/media\/6449"}],"wp:attachment":[{"href":"https:\/\/abcdi.org.br\/index.php\/wp-json\/wp\/v2\/media?parent=6405"}],"wp:term":[{"taxonomy":"category","embeddable":true,"href":"https:\/\/abcdi.org.br\/index.php\/wp-json\/wp\/v2\/categories?post=6405"},{"taxonomy":"post_tag","embeddable":true,"href":"https:\/\/abcdi.org.br\/index.php\/wp-json\/wp\/v2\/tags?post=6405"}],"curies":[{"name":"wp","href":"https:\/\/api.w.org\/{rel}","templated":true}]}}