{"id":6393,"date":"2024-09-15T15:35:00","date_gmt":"2024-09-15T18:35:00","guid":{"rendered":"https:\/\/abcdi.org.br\/?p=6393"},"modified":"2025-02-05T11:39:34","modified_gmt":"2025-02-05T14:39:34","slug":"segundo-encontro-presencial-do-curso-de-gestao-de-clinicas-2024","status":"publish","type":"post","link":"https:\/\/abcdi.org.br\/index.php\/2024\/09\/15\/segundo-encontro-presencial-do-curso-de-gestao-de-clinicas-2024\/","title":{"rendered":"Segundo Encontro Presencial do curso de Gest\u00e3o de Cl\u00ednicas 2024"},"content":{"rendered":"\n<div style=\"height:100px\" aria-hidden=\"true\" class=\"wp-block-spacer\"><\/div>\n\n\n\n<div class=\"wp-block-group is-nowrap is-layout-flex wp-container-core-group-is-layout-6c531013 wp-block-group-is-layout-flex\">\n<p>Durante o CBR 24, o Curso de Gest\u00e3o de Cl\u00ednicas ter\u00e1 o seu segundo encontro presencial do ano. No dia <strong>20 de setembro<\/strong>, 2\u00ba dia de atividades do <strong>53\u00ba Congresso Brasileiro de Radiologia e Diagn\u00f3stico por Imagem<\/strong> (CBR24), os alunos do curso poder\u00e3o se encontrar para trocar conhecimentos e fazer networking. Vale lembrar que neste ano, j\u00e1 aconteceu um encontro presencial, realizado no dia<strong> 4 de maio, durante a 54\u00aa Jornada Paulista de Radiologia (JPR24),<\/strong> que aconteceu no Transam\u00e9rica Expo Center, em S\u00e3o Paulo (SP).<\/p>\n<\/div>\n\n\n\n<div style=\"height:100px\" aria-hidden=\"true\" class=\"wp-block-spacer\"><\/div>\n\n\n\n<h3 class=\"wp-block-heading has-text-align-center\"><strong><mark style=\"background-color:rgba(0, 0, 0, 0)\" class=\"has-inline-color has-ast-global-color-0-color\">INSCRI\u00c7\u00d5ES ABERTAS PARA O M\u00d3DULO 6<\/mark><\/strong><\/h3>\n\n\n\n<div class=\"wp-block-group is-nowrap is-layout-flex wp-container-core-group-is-layout-6c531013 wp-block-group-is-layout-flex\">\n<p class=\"has-text-align-left\">O m\u00f3dulo 6 do curso de Gest\u00e3o de Cl\u00ednicas conta com o tema: \u201c<strong>Reduzindo Custos e Aumentando a Produtividade Utilizando Tecnologia da Informa\u00e7\u00e3o<\/strong>\u201d. As aulas acontecer\u00e3o nos dias<strong> 18, 25 de outubro e 1\u00ba de novembro, das 19h30 \u00e0s 22h30 <\/strong>(hor\u00e1rio de Bras\u00edlia-DF) no formato 100% online. <br><strong>N\u00e3o fique de fora<\/strong>!<\/p>\n<\/div>\n\n\n\n<div style=\"height:100px\" aria-hidden=\"true\" class=\"wp-block-spacer\"><\/div>\n\n\n\n<div class=\"wp-block-buttons is-content-justification-center is-layout-flex wp-container-core-buttons-is-layout-a89b3969 wp-block-buttons-is-layout-flex\">\n<div class=\"wp-block-button\"><a class=\"wp-block-button__link wp-element-button\" href=\"https:\/\/cursosonline.cbr. org.br\/curso\/reduzindo-custos-e-aumentando-aprodutividade-utilizando-a-tecnologia-da-informacao\/\"><strong>Inscreva-se j\u00e1! <\/strong><\/a><\/div>\n<\/div>\n\n\n\n<div style=\"height:100px\" aria-hidden=\"true\" class=\"wp-block-spacer\"><\/div>\n\n\n\n<h2 class=\"wp-block-heading has-text-align-center\"><strong><mark style=\"background-color:rgba(0, 0, 0, 0)\" class=\"has-inline-color has-ast-global-color-0-color\">Professores que estar\u00e3o presente neste m\u00f3dulo <\/mark><\/strong><\/h2>\n\n\n\n<div style=\"height:100px\" aria-hidden=\"true\" class=\"wp-block-spacer\"><\/div>\n\n\n\n<div class=\"wp-block-media-text is-stacked-on-mobile\" style=\"grid-template-columns:29% auto\"><figure class=\"wp-block-media-text__media\"><img fetchpriority=\"high\" decoding=\"async\" width=\"785\" height=\"1024\" src=\"https:\/\/abcdi.org.br\/wp-content\/uploads\/2022\/02\/Carlos-Moura-785x1024.jpg\" alt=\"\" class=\"wp-image-1548 size-full\" srcset=\"https:\/\/abcdi.org.br\/wp-content\/uploads\/2022\/02\/Carlos-Moura-785x1024.jpg 785w, https:\/\/abcdi.org.br\/wp-content\/uploads\/2022\/02\/Carlos-Moura-230x300.jpg 230w, https:\/\/abcdi.org.br\/wp-content\/uploads\/2022\/02\/Carlos-Moura-768x1001.jpg 768w, https:\/\/abcdi.org.br\/wp-content\/uploads\/2022\/02\/Carlos-Moura-1178x1536.jpg 1178w, https:\/\/abcdi.org.br\/wp-content\/uploads\/2022\/02\/Carlos-Moura-1571x2048.jpg 1571w, https:\/\/abcdi.org.br\/wp-content\/uploads\/2022\/02\/Carlos-Moura.jpg 1599w\" sizes=\"(max-width: 785px) 100vw, 785px\" \/><\/figure><div class=\"wp-block-media-text__content\">\n<h3 class=\"wp-block-heading\"><strong><mark style=\"background-color:rgba(0, 0, 0, 0)\" class=\"has-inline-color has-ast-global-color-0-color\">Carlos Moura <\/mark><\/strong><\/h3>\n\n\n\n<p>Administrador de Empresas com <strong>MBA em TI pela USP e Curso Internacional de Desenvolvimento de Talentos Humanos pela Universidade Central da Fl\u00f3rida<\/strong>. Amplo conhecimento do mercado brasileiro de medicina diagn\u00f3stica, Assessor econ\u00f4mico do CBR e participante do Comit\u00ea de Padroniza\u00e7\u00e3o das Informa\u00e7\u00f5es em Sa\u00fade Suplementar (<strong>COPISS<\/strong>). S\u00f3cio da Moura Assessoria, empresa de Assessoria de Gest\u00e3o na \u00e1rea de Medicina Diagn\u00f3stica.<\/p>\n<\/div><\/div>\n\n\n\n<div style=\"height:100px\" aria-hidden=\"true\" class=\"wp-block-spacer\"><\/div>\n\n\n\n<div class=\"wp-block-media-text is-stacked-on-mobile\" style=\"grid-template-columns:30% auto\"><figure class=\"wp-block-media-text__media\"><img decoding=\"async\" width=\"151\" height=\"134\" src=\"https:\/\/abcdi.org.br\/wp-content\/uploads\/2023\/12\/Rodolfo-Siqueira.png\" alt=\"\" class=\"wp-image-5559 size-full\"\/><\/figure><div class=\"wp-block-media-text__content\">\n<h2 class=\"wp-block-heading\"><strong><mark style=\"background-color:rgba(0, 0, 0, 0)\" class=\"has-inline-color has-ast-global-color-0-color\">Rodolfo Siqueira<\/mark><\/strong><\/h2>\n\n\n\n<p>Gradua\u00e7\u00e3o em Administra\u00e7\u00e3o de Empresas com \u00eanfase em Tecnologia da Informa\u00e7\u00e3o, profissional com mais de<strong> 14 anos de experi\u00eancia <\/strong>no mercado brasileiro de sa\u00fade suplementar. Ocupou cargos de lideran\u00e7as nas \u00e1reas de <strong>Controladoria e Comercial <\/strong>na quarta maior empresa de Medicina Diagn\u00f3stica do mundo (<strong>DASA<\/strong>). S\u00f3cio na Moura Assessoria de Gest\u00e3o em Sa\u00fade respons\u00e1vel pela \u00e1rea de Assessoria de Gest\u00e3o<\/p>\n<\/div><\/div>\n\n\n\n<div style=\"height:100px\" aria-hidden=\"true\" class=\"wp-block-spacer\"><\/div>\n\n\n\n<div class=\"wp-block-media-text is-stacked-on-mobile\" style=\"grid-template-columns:34% auto\"><figure class=\"wp-block-media-text__media\"><img decoding=\"async\" width=\"200\" height=\"200\" src=\"https:\/\/abcdi.org.br\/wp-content\/uploads\/2024\/09\/Ft-3.jpg\" alt=\"\" class=\"wp-image-6397 size-full\" srcset=\"https:\/\/abcdi.org.br\/wp-content\/uploads\/2024\/09\/Ft-3.jpg 200w, https:\/\/abcdi.org.br\/wp-content\/uploads\/2024\/09\/Ft-3-150x150.jpg 150w\" sizes=\"(max-width: 200px) 100vw, 200px\" \/><\/figure><div class=\"wp-block-media-text__content\">\n<h2 class=\"wp-block-heading\"><strong><mark style=\"background-color:rgba(0, 0, 0, 0)\" class=\"has-inline-color has-ast-global-color-0-color\">Dr. Rafael Borges<\/mark><\/strong><\/h2>\n\n\n\n<p>M\u00e9dico Radiologista, com gradua\u00e7\u00e3o na Universidade Federal do Rio de Janeiro (UFRJ), Resid\u00eancia m\u00e9dica e Mestrado em Radiologia e Diagn\u00f3stico por Imagem no Hospital Universit\u00e1rio Clementino Fraga Filho da Universidade Federal do Rio de Janeiro (HUCFF\/UFRJ), T\u00edtulo de <strong>Especialista em Radiologia e Diagn\u00f3stico por Imagem<\/strong> e membro titular do Col\u00e9gio Brasileiro de Radiologia e Diagn\u00f3stico por Imagem. S\u00f3cio do grupo CRB Imagem.<\/p>\n<\/div><\/div>\n","protected":false},"excerpt":{"rendered":"<p>Durante o CBR 24, o Curso de Gest\u00e3o de Cl\u00ednicas ter\u00e1 o seu segundo encontro presencial do ano. No dia 20 de setembro, 2\u00ba dia de atividades do 53\u00ba Congresso Brasileiro de Radiologia e Diagn\u00f3stico por Imagem (CBR24), os alunos do curso poder\u00e3o se encontrar para trocar conhecimentos e fazer networking. Vale lembrar que neste [&hellip;]<\/p>\n","protected":false},"author":20,"featured_media":6394,"comment_status":"closed","ping_status":"open","sticky":false,"template":"","format":"standard","meta":{"site-sidebar-layout":"default","site-content-layout":"","ast-site-content-layout":"default","site-content-style":"default","site-sidebar-style":"default","ast-global-header-display":"","ast-banner-title-visibility":"","ast-main-header-display":"","ast-hfb-above-header-display":"","ast-hfb-below-header-display":"","ast-hfb-mobile-header-display":"","site-post-title":"","ast-breadcrumbs-content":"","ast-featured-img":"","footer-sml-layout":"","ast-disable-related-posts":"","theme-transparent-header-meta":"","adv-header-id-meta":"","stick-header-meta":"","header-above-stick-meta":"","header-main-stick-meta":"","header-below-stick-meta":"","astra-migrate-meta-layouts":"default","ast-page-background-enabled":"default","ast-page-background-meta":{"desktop":{"background-color":"var(--ast-global-color-4)","background-image":"","background-repeat":"repeat","background-position":"center center","background-size":"auto","background-attachment":"scroll","background-type":"","background-media":"","overlay-type":"","overlay-color":"","overlay-opacity":"","overlay-gradient":""},"tablet":{"background-color":"","background-image":"","background-repeat":"repeat","background-position":"center center","background-size":"auto","background-attachment":"scroll","background-type":"","background-media":"","overlay-type":"","overlay-color":"","overlay-opacity":"","overlay-gradient":""},"mobile":{"background-color":"","background-image":"","background-repeat":"repeat","background-position":"center center","background-size":"auto","background-attachment":"scroll","background-type":"","background-media":"","overlay-type":"","overlay-color":"","overlay-opacity":"","overlay-gradient":""}},"ast-content-background-meta":{"desktop":{"background-color":"var(--ast-global-color-5)","background-image":"","background-repeat":"repeat","background-position":"center center","background-size":"auto","background-attachment":"scroll","background-type":"","background-media":"","overlay-type":"","overlay-color":"","overlay-opacity":"","overlay-gradient":""},"tablet":{"background-color":"var(--ast-global-color-5)","background-image":"","background-repeat":"repeat","background-position":"center center","background-size":"auto","background-attachment":"scroll","background-type":"","background-media":"","overlay-type":"","overlay-color":"","overlay-opacity":"","overlay-gradient":""},"mobile":{"background-color":"var(--ast-global-color-5)","background-image":"","background-repeat":"repeat","background-position":"center center","background-size":"auto","background-attachment":"scroll","background-type":"","background-media":"","overlay-type":"","overlay-color":"","overlay-opacity":"","overlay-gradient":""}},"footnotes":""},"categories":[16,44],"tags":[20,79,28],"class_list":["post-6393","post","type-post","status-publish","format-standard","has-post-thumbnail","hentry","category-abcdi","category-cbr-clinicas","tag-abcdi","tag-clinicas","tag-gestao-de-clinicas"],"yoast_head":"<!-- This site is optimized with the Yoast SEO plugin v27.5 - https:\/\/yoast.com\/product\/yoast-seo-wordpress\/ -->\n<title>Segundo Encontro Presencial do curso de Gest\u00e3o de Cl\u00ednicas 2024 -<\/title>\n<meta name=\"robots\" content=\"index, follow, max-snippet:-1, max-image-preview:large, max-video-preview:-1\" \/>\n<link rel=\"canonical\" href=\"https:\/\/abcdi.org.br\/index.php\/2024\/09\/15\/segundo-encontro-presencial-do-curso-de-gestao-de-clinicas-2024\/\" \/>\n<meta property=\"og:locale\" content=\"pt_BR\" \/>\n<meta property=\"og:type\" content=\"article\" \/>\n<meta property=\"og:title\" content=\"Segundo Encontro Presencial do curso de Gest\u00e3o de Cl\u00ednicas 2024 -\" \/>\n<meta property=\"og:description\" content=\"Durante o CBR 24, o Curso de Gest\u00e3o de Cl\u00ednicas ter\u00e1 o seu segundo encontro presencial do ano. No dia 20 de setembro, 2\u00ba dia de atividades do 53\u00ba Congresso Brasileiro de Radiologia e Diagn\u00f3stico por Imagem (CBR24), os alunos do curso poder\u00e3o se encontrar para trocar conhecimentos e fazer networking. Vale lembrar que neste [&hellip;]\" \/>\n<meta property=\"og:url\" content=\"https:\/\/abcdi.org.br\/index.php\/2024\/09\/15\/segundo-encontro-presencial-do-curso-de-gestao-de-clinicas-2024\/\" \/>\n<meta property=\"article:published_time\" content=\"2024-09-15T18:35:00+00:00\" \/>\n<meta property=\"article:modified_time\" content=\"2025-02-05T14:39:34+00:00\" \/>\n<meta property=\"og:image\" content=\"https:\/\/abcdi.org.br\/wp-content\/uploads\/2025\/01\/Post_redes_sociais_Curso-ABCDI_Modulo-6.png\" \/>\n\t<meta property=\"og:image:width\" content=\"1000\" \/>\n\t<meta property=\"og:image:height\" content=\"1000\" \/>\n\t<meta property=\"og:image:type\" content=\"image\/png\" \/>\n<meta name=\"author\" content=\"Reda\u00e7\u00e3o CBR\" \/>\n<meta name=\"twitter:card\" content=\"summary_large_image\" \/>\n<meta name=\"twitter:label1\" content=\"Escrito por\" \/>\n\t<meta name=\"twitter:data1\" content=\"Reda\u00e7\u00e3o CBR\" \/>\n\t<meta name=\"twitter:label2\" content=\"Est. tempo de leitura\" \/>\n\t<meta name=\"twitter:data2\" content=\"3 minutos\" \/>\n<script type=\"application\/ld+json\" class=\"yoast-schema-graph\">{\"@context\":\"https:\\\/\\\/schema.org\",\"@graph\":[{\"@type\":\"Article\",\"@id\":\"https:\\\/\\\/abcdi.org.br\\\/index.php\\\/2024\\\/09\\\/15\\\/segundo-encontro-presencial-do-curso-de-gestao-de-clinicas-2024\\\/#article\",\"isPartOf\":{\"@id\":\"https:\\\/\\\/abcdi.org.br\\\/index.php\\\/2024\\\/09\\\/15\\\/segundo-encontro-presencial-do-curso-de-gestao-de-clinicas-2024\\\/\"},\"author\":{\"name\":\"Reda\u00e7\u00e3o CBR\",\"@id\":\"https:\\\/\\\/abcdi.org.br\\\/#\\\/schema\\\/person\\\/74c2a4475088ac02204aab920a1c43b2\"},\"headline\":\"Segundo Encontro Presencial do curso de Gest\u00e3o de Cl\u00ednicas 2024\",\"datePublished\":\"2024-09-15T18:35:00+00:00\",\"dateModified\":\"2025-02-05T14:39:34+00:00\",\"mainEntityOfPage\":{\"@id\":\"https:\\\/\\\/abcdi.org.br\\\/index.php\\\/2024\\\/09\\\/15\\\/segundo-encontro-presencial-do-curso-de-gestao-de-clinicas-2024\\\/\"},\"wordCount\":388,\"image\":{\"@id\":\"https:\\\/\\\/abcdi.org.br\\\/index.php\\\/2024\\\/09\\\/15\\\/segundo-encontro-presencial-do-curso-de-gestao-de-clinicas-2024\\\/#primaryimage\"},\"thumbnailUrl\":\"https:\\\/\\\/abcdi.org.br\\\/wp-content\\\/uploads\\\/2025\\\/01\\\/Post_redes_sociais_Curso-ABCDI_Modulo-6.png\",\"keywords\":[\"ABCDI\",\"Cl\u00ednicas\",\"Gest\u00e3o de Cl\u00ednicas\"],\"articleSection\":[\"ABCDI\",\"CBR Cl\u00ednicas\"],\"inLanguage\":\"pt-BR\"},{\"@type\":\"WebPage\",\"@id\":\"https:\\\/\\\/abcdi.org.br\\\/index.php\\\/2024\\\/09\\\/15\\\/segundo-encontro-presencial-do-curso-de-gestao-de-clinicas-2024\\\/\",\"url\":\"https:\\\/\\\/abcdi.org.br\\\/index.php\\\/2024\\\/09\\\/15\\\/segundo-encontro-presencial-do-curso-de-gestao-de-clinicas-2024\\\/\",\"name\":\"Segundo Encontro Presencial do curso de Gest\u00e3o de Cl\u00ednicas 2024 -\",\"isPartOf\":{\"@id\":\"https:\\\/\\\/abcdi.org.br\\\/#website\"},\"primaryImageOfPage\":{\"@id\":\"https:\\\/\\\/abcdi.org.br\\\/index.php\\\/2024\\\/09\\\/15\\\/segundo-encontro-presencial-do-curso-de-gestao-de-clinicas-2024\\\/#primaryimage\"},\"image\":{\"@id\":\"https:\\\/\\\/abcdi.org.br\\\/index.php\\\/2024\\\/09\\\/15\\\/segundo-encontro-presencial-do-curso-de-gestao-de-clinicas-2024\\\/#primaryimage\"},\"thumbnailUrl\":\"https:\\\/\\\/abcdi.org.br\\\/wp-content\\\/uploads\\\/2025\\\/01\\\/Post_redes_sociais_Curso-ABCDI_Modulo-6.png\",\"datePublished\":\"2024-09-15T18:35:00+00:00\",\"dateModified\":\"2025-02-05T14:39:34+00:00\",\"author\":{\"@id\":\"https:\\\/\\\/abcdi.org.br\\\/#\\\/schema\\\/person\\\/74c2a4475088ac02204aab920a1c43b2\"},\"breadcrumb\":{\"@id\":\"https:\\\/\\\/abcdi.org.br\\\/index.php\\\/2024\\\/09\\\/15\\\/segundo-encontro-presencial-do-curso-de-gestao-de-clinicas-2024\\\/#breadcrumb\"},\"inLanguage\":\"pt-BR\",\"potentialAction\":[{\"@type\":\"ReadAction\",\"target\":[\"https:\\\/\\\/abcdi.org.br\\\/index.php\\\/2024\\\/09\\\/15\\\/segundo-encontro-presencial-do-curso-de-gestao-de-clinicas-2024\\\/\"]}]},{\"@type\":\"ImageObject\",\"inLanguage\":\"pt-BR\",\"@id\":\"https:\\\/\\\/abcdi.org.br\\\/index.php\\\/2024\\\/09\\\/15\\\/segundo-encontro-presencial-do-curso-de-gestao-de-clinicas-2024\\\/#primaryimage\",\"url\":\"https:\\\/\\\/abcdi.org.br\\\/wp-content\\\/uploads\\\/2025\\\/01\\\/Post_redes_sociais_Curso-ABCDI_Modulo-6.png\",\"contentUrl\":\"https:\\\/\\\/abcdi.org.br\\\/wp-content\\\/uploads\\\/2025\\\/01\\\/Post_redes_sociais_Curso-ABCDI_Modulo-6.png\",\"width\":1000,\"height\":1000},{\"@type\":\"BreadcrumbList\",\"@id\":\"https:\\\/\\\/abcdi.org.br\\\/index.php\\\/2024\\\/09\\\/15\\\/segundo-encontro-presencial-do-curso-de-gestao-de-clinicas-2024\\\/#breadcrumb\",\"itemListElement\":[{\"@type\":\"ListItem\",\"position\":1,\"name\":\"In\u00edcio\",\"item\":\"https:\\\/\\\/abcdi.org.br\\\/\"},{\"@type\":\"ListItem\",\"position\":2,\"name\":\"Segundo Encontro Presencial do curso de Gest\u00e3o de Cl\u00ednicas 2024\"}]},{\"@type\":\"WebSite\",\"@id\":\"https:\\\/\\\/abcdi.org.br\\\/#website\",\"url\":\"https:\\\/\\\/abcdi.org.br\\\/\",\"name\":\"\",\"description\":\"ABCDI - Associa\u00e7\u00e3o Brasileira de Cl\u00ednicas de Diagnostico por Imagem\",\"potentialAction\":[{\"@type\":\"SearchAction\",\"target\":{\"@type\":\"EntryPoint\",\"urlTemplate\":\"https:\\\/\\\/abcdi.org.br\\\/?s={search_term_string}\"},\"query-input\":{\"@type\":\"PropertyValueSpecification\",\"valueRequired\":true,\"valueName\":\"search_term_string\"}}],\"inLanguage\":\"pt-BR\"},{\"@type\":\"Person\",\"@id\":\"https:\\\/\\\/abcdi.org.br\\\/#\\\/schema\\\/person\\\/74c2a4475088ac02204aab920a1c43b2\",\"name\":\"Reda\u00e7\u00e3o CBR\",\"image\":{\"@type\":\"ImageObject\",\"inLanguage\":\"pt-BR\",\"@id\":\"https:\\\/\\\/secure.gravatar.com\\\/avatar\\\/4f433578045f08035c97adcc71f2fc11eaa1129a652c0f8ec846f42e60939945?s=96&d=mm&r=g\",\"url\":\"https:\\\/\\\/secure.gravatar.com\\\/avatar\\\/4f433578045f08035c97adcc71f2fc11eaa1129a652c0f8ec846f42e60939945?s=96&d=mm&r=g\",\"contentUrl\":\"https:\\\/\\\/secure.gravatar.com\\\/avatar\\\/4f433578045f08035c97adcc71f2fc11eaa1129a652c0f8ec846f42e60939945?s=96&d=mm&r=g\",\"caption\":\"Reda\u00e7\u00e3o CBR\"},\"url\":\"https:\\\/\\\/abcdi.org.br\\\/index.php\\\/author\\\/redacao\\\/\"}]}<\/script>\n<!-- \/ Yoast SEO plugin. -->","yoast_head_json":{"title":"Segundo Encontro Presencial do curso de Gest\u00e3o de Cl\u00ednicas 2024 -","robots":{"index":"index","follow":"follow","max-snippet":"max-snippet:-1","max-image-preview":"max-image-preview:large","max-video-preview":"max-video-preview:-1"},"canonical":"https:\/\/abcdi.org.br\/index.php\/2024\/09\/15\/segundo-encontro-presencial-do-curso-de-gestao-de-clinicas-2024\/","og_locale":"pt_BR","og_type":"article","og_title":"Segundo Encontro Presencial do curso de Gest\u00e3o de Cl\u00ednicas 2024 -","og_description":"Durante o CBR 24, o Curso de Gest\u00e3o de Cl\u00ednicas ter\u00e1 o seu segundo encontro presencial do ano. No dia 20 de setembro, 2\u00ba dia de atividades do 53\u00ba Congresso Brasileiro de Radiologia e Diagn\u00f3stico por Imagem (CBR24), os alunos do curso poder\u00e3o se encontrar para trocar conhecimentos e fazer networking. Vale lembrar que neste [&hellip;]","og_url":"https:\/\/abcdi.org.br\/index.php\/2024\/09\/15\/segundo-encontro-presencial-do-curso-de-gestao-de-clinicas-2024\/","article_published_time":"2024-09-15T18:35:00+00:00","article_modified_time":"2025-02-05T14:39:34+00:00","og_image":[{"width":1000,"height":1000,"url":"https:\/\/abcdi.org.br\/wp-content\/uploads\/2025\/01\/Post_redes_sociais_Curso-ABCDI_Modulo-6.png","type":"image\/png"}],"author":"Reda\u00e7\u00e3o CBR","twitter_card":"summary_large_image","twitter_misc":{"Escrito por":"Reda\u00e7\u00e3o CBR","Est. tempo de leitura":"3 minutos"},"schema":{"@context":"https:\/\/schema.org","@graph":[{"@type":"Article","@id":"https:\/\/abcdi.org.br\/index.php\/2024\/09\/15\/segundo-encontro-presencial-do-curso-de-gestao-de-clinicas-2024\/#article","isPartOf":{"@id":"https:\/\/abcdi.org.br\/index.php\/2024\/09\/15\/segundo-encontro-presencial-do-curso-de-gestao-de-clinicas-2024\/"},"author":{"name":"Reda\u00e7\u00e3o CBR","@id":"https:\/\/abcdi.org.br\/#\/schema\/person\/74c2a4475088ac02204aab920a1c43b2"},"headline":"Segundo Encontro Presencial do curso de Gest\u00e3o de Cl\u00ednicas 2024","datePublished":"2024-09-15T18:35:00+00:00","dateModified":"2025-02-05T14:39:34+00:00","mainEntityOfPage":{"@id":"https:\/\/abcdi.org.br\/index.php\/2024\/09\/15\/segundo-encontro-presencial-do-curso-de-gestao-de-clinicas-2024\/"},"wordCount":388,"image":{"@id":"https:\/\/abcdi.org.br\/index.php\/2024\/09\/15\/segundo-encontro-presencial-do-curso-de-gestao-de-clinicas-2024\/#primaryimage"},"thumbnailUrl":"https:\/\/abcdi.org.br\/wp-content\/uploads\/2025\/01\/Post_redes_sociais_Curso-ABCDI_Modulo-6.png","keywords":["ABCDI","Cl\u00ednicas","Gest\u00e3o de Cl\u00ednicas"],"articleSection":["ABCDI","CBR Cl\u00ednicas"],"inLanguage":"pt-BR"},{"@type":"WebPage","@id":"https:\/\/abcdi.org.br\/index.php\/2024\/09\/15\/segundo-encontro-presencial-do-curso-de-gestao-de-clinicas-2024\/","url":"https:\/\/abcdi.org.br\/index.php\/2024\/09\/15\/segundo-encontro-presencial-do-curso-de-gestao-de-clinicas-2024\/","name":"Segundo Encontro Presencial do curso de Gest\u00e3o de Cl\u00ednicas 2024 -","isPartOf":{"@id":"https:\/\/abcdi.org.br\/#website"},"primaryImageOfPage":{"@id":"https:\/\/abcdi.org.br\/index.php\/2024\/09\/15\/segundo-encontro-presencial-do-curso-de-gestao-de-clinicas-2024\/#primaryimage"},"image":{"@id":"https:\/\/abcdi.org.br\/index.php\/2024\/09\/15\/segundo-encontro-presencial-do-curso-de-gestao-de-clinicas-2024\/#primaryimage"},"thumbnailUrl":"https:\/\/abcdi.org.br\/wp-content\/uploads\/2025\/01\/Post_redes_sociais_Curso-ABCDI_Modulo-6.png","datePublished":"2024-09-15T18:35:00+00:00","dateModified":"2025-02-05T14:39:34+00:00","author":{"@id":"https:\/\/abcdi.org.br\/#\/schema\/person\/74c2a4475088ac02204aab920a1c43b2"},"breadcrumb":{"@id":"https:\/\/abcdi.org.br\/index.php\/2024\/09\/15\/segundo-encontro-presencial-do-curso-de-gestao-de-clinicas-2024\/#breadcrumb"},"inLanguage":"pt-BR","potentialAction":[{"@type":"ReadAction","target":["https:\/\/abcdi.org.br\/index.php\/2024\/09\/15\/segundo-encontro-presencial-do-curso-de-gestao-de-clinicas-2024\/"]}]},{"@type":"ImageObject","inLanguage":"pt-BR","@id":"https:\/\/abcdi.org.br\/index.php\/2024\/09\/15\/segundo-encontro-presencial-do-curso-de-gestao-de-clinicas-2024\/#primaryimage","url":"https:\/\/abcdi.org.br\/wp-content\/uploads\/2025\/01\/Post_redes_sociais_Curso-ABCDI_Modulo-6.png","contentUrl":"https:\/\/abcdi.org.br\/wp-content\/uploads\/2025\/01\/Post_redes_sociais_Curso-ABCDI_Modulo-6.png","width":1000,"height":1000},{"@type":"BreadcrumbList","@id":"https:\/\/abcdi.org.br\/index.php\/2024\/09\/15\/segundo-encontro-presencial-do-curso-de-gestao-de-clinicas-2024\/#breadcrumb","itemListElement":[{"@type":"ListItem","position":1,"name":"In\u00edcio","item":"https:\/\/abcdi.org.br\/"},{"@type":"ListItem","position":2,"name":"Segundo Encontro Presencial do curso de Gest\u00e3o de Cl\u00ednicas 2024"}]},{"@type":"WebSite","@id":"https:\/\/abcdi.org.br\/#website","url":"https:\/\/abcdi.org.br\/","name":"","description":"ABCDI - Associa\u00e7\u00e3o Brasileira de Cl\u00ednicas de Diagnostico por Imagem","potentialAction":[{"@type":"SearchAction","target":{"@type":"EntryPoint","urlTemplate":"https:\/\/abcdi.org.br\/?s={search_term_string}"},"query-input":{"@type":"PropertyValueSpecification","valueRequired":true,"valueName":"search_term_string"}}],"inLanguage":"pt-BR"},{"@type":"Person","@id":"https:\/\/abcdi.org.br\/#\/schema\/person\/74c2a4475088ac02204aab920a1c43b2","name":"Reda\u00e7\u00e3o CBR","image":{"@type":"ImageObject","inLanguage":"pt-BR","@id":"https:\/\/secure.gravatar.com\/avatar\/4f433578045f08035c97adcc71f2fc11eaa1129a652c0f8ec846f42e60939945?s=96&d=mm&r=g","url":"https:\/\/secure.gravatar.com\/avatar\/4f433578045f08035c97adcc71f2fc11eaa1129a652c0f8ec846f42e60939945?s=96&d=mm&r=g","contentUrl":"https:\/\/secure.gravatar.com\/avatar\/4f433578045f08035c97adcc71f2fc11eaa1129a652c0f8ec846f42e60939945?s=96&d=mm&r=g","caption":"Reda\u00e7\u00e3o CBR"},"url":"https:\/\/abcdi.org.br\/index.php\/author\/redacao\/"}]}},"_links":{"self":[{"href":"https:\/\/abcdi.org.br\/index.php\/wp-json\/wp\/v2\/posts\/6393","targetHints":{"allow":["GET"]}}],"collection":[{"href":"https:\/\/abcdi.org.br\/index.php\/wp-json\/wp\/v2\/posts"}],"about":[{"href":"https:\/\/abcdi.org.br\/index.php\/wp-json\/wp\/v2\/types\/post"}],"author":[{"embeddable":true,"href":"https:\/\/abcdi.org.br\/index.php\/wp-json\/wp\/v2\/users\/20"}],"replies":[{"embeddable":true,"href":"https:\/\/abcdi.org.br\/index.php\/wp-json\/wp\/v2\/comments?post=6393"}],"version-history":[{"count":4,"href":"https:\/\/abcdi.org.br\/index.php\/wp-json\/wp\/v2\/posts\/6393\/revisions"}],"predecessor-version":[{"id":6400,"href":"https:\/\/abcdi.org.br\/index.php\/wp-json\/wp\/v2\/posts\/6393\/revisions\/6400"}],"wp:featuredmedia":[{"embeddable":true,"href":"https:\/\/abcdi.org.br\/index.php\/wp-json\/wp\/v2\/media\/6394"}],"wp:attachment":[{"href":"https:\/\/abcdi.org.br\/index.php\/wp-json\/wp\/v2\/media?parent=6393"}],"wp:term":[{"taxonomy":"category","embeddable":true,"href":"https:\/\/abcdi.org.br\/index.php\/wp-json\/wp\/v2\/categories?post=6393"},{"taxonomy":"post_tag","embeddable":true,"href":"https:\/\/abcdi.org.br\/index.php\/wp-json\/wp\/v2\/tags?post=6393"}],"curies":[{"name":"wp","href":"https:\/\/api.w.org\/{rel}","templated":true}]}}