{"id":4502,"date":"2023-02-28T17:40:57","date_gmt":"2023-02-28T20:40:57","guid":{"rendered":"https:\/\/abcdi.org.br\/?p=4502"},"modified":"2023-03-20T19:20:26","modified_gmt":"2023-03-20T22:20:26","slug":"ans-divulga-versao-de-fevereiro-do-padrao-tiss","status":"publish","type":"post","link":"https:\/\/abcdi.org.br\/index.php\/2023\/02\/28\/ans-divulga-versao-de-fevereiro-do-padrao-tiss\/","title":{"rendered":"ANS divulga vers\u00e3o de fevereiro do Padr\u00e3o TISS"},"content":{"rendered":"\n<p>A Ag\u00eancia Nacional de Sa\u00fade Suplementar (ANS) disponibilizou a vers\u00e3o de fevereiro do Padr\u00e3o TISS. Foram feitas 21 atualiza\u00e7\u00f5es, que podem ser conferidas na \u00edntegra por meio de of\u00edcio enviado para as operadoras via Protocolo Eletr\u00f4nico.<\/p>\n\n\n\n<p>A vers\u00e3o de fevereiro tem o objetivo de adequar os componentes \u00e0s novas datas de fim de implanta\u00e7\u00e3o e de in\u00edcio de vig\u00eancia do Componente de Comunica\u00e7\u00e3o, da seguinte forma:<\/p>\n\n\n\n<div class=\"wp-block-columns is-layout-flex wp-container-core-columns-is-layout-28f84493 wp-block-columns-is-layout-flex\">\n<div class=\"wp-block-column is-layout-flow wp-block-column-is-layout-flow\" style=\"flex-basis:100%\">\n<ul class=\"wp-block-list\"><li>a <strong>vers\u00e3o 04.01.00<\/strong> deste Componente,&nbsp;para troca de informa\u00e7\u00f5es entre operadoras e seus prestadores de servi\u00e7os de sa\u00fade, tem data de fim de implanta\u00e7\u00e3o em <strong>30\/04\/2023<\/strong>;<\/li><li>a <strong>vers\u00e3o 01.04.01<\/strong>, para troca de informa\u00e7\u00f5es entre as operadoras e a ANS, tem data de in\u00edcio de vig\u00eancia e fim de implanta\u00e7\u00e3o em <strong>01\/05\/2023<\/strong>.<\/li><li>J\u00e1 os termos inclu\u00eddos no Componente de Representa\u00e7\u00e3o de Conceitos em Sa\u00fade (TUSS) t\u00eam in\u00edcio de vig\u00eancia e fim de implanta\u00e7\u00e3o identificados individualmente.<\/li><\/ul>\n<\/div>\n<\/div>\n\n\n\n<p>Baixe os arquivos:<\/p>\n\n\n\n<p><a href=\"https:\/\/www.gov.br\/ans\/pt-br\/assuntos\/prestadores\/padrao-para-troca-de-informacao-de-saude-suplementar-2013-tiss\/padrao-tiss-2013-fevereiro-2023\"><strong>Arquivos do Padr\u00e3o TISS e Arquivos Auxiliares<\/strong><\/a><\/p>\n\n\n\n<p><a href=\"https:\/\/www.gov.br\/ans\/pt-br\/assuntos\/prestadores\/padrao-para-troca-de-informacao-de-saude-suplementar-2013-tiss\/PadroTISS_ComponenteOrganizacional_202302.pdf\"><strong>Padr\u00e3o TISS &#8211; Fevereiro\/2023 \u2013 Componente Organizacional<\/strong><\/a><\/p>\n\n\n\n<p><strong>Sobre o TISS<\/strong><\/p>\n\n\n\n<p>A Troca de Informa\u00e7\u00f5es na Sa\u00fade Suplementar (TISS) foi estabelecida como um padr\u00e3o obrigat\u00f3rio para as trocas eletr\u00f4nicas de dados de aten\u00e7\u00e3o \u00e0 sa\u00fade dos benefici\u00e1rios de planos. O objetivo \u00e9 padronizar as a\u00e7\u00f5es administrativas, subsidiar avalia\u00e7\u00f5es e acompanhamentos econ\u00f4mico, financeiro e assistencial das operadoras de planos privados de assist\u00eancia \u00e0 sa\u00fade e compor o Registro Eletr\u00f4nico de Sa\u00fade.<\/p>\n\n\n\n<p>O hist\u00f3rico de altera\u00e7\u00f5es do Padr\u00e3o TISS pode ser acessado&nbsp;<a href=\"https:\/\/nam10.safelinks.protection.outlook.com\/?url=https%3A%2F%2Fwww.gov.br%2Fans%2Fpt-br%2Fassuntos%2Fprestadores%2Fpadrao-para-troca-de-informacao-de-saude-suplementar-2013-tiss%2Fpadrao-tiss-historico-das-versoes-dos-componentes-do-padrao-tiss&amp;data=05%7C01%7Ccarolina.hilal%40ans.gov.br%7Ca09c35b7d9c042d7a5a508db151542d3%7C9dba480c4fa742f4bba30fb1375fbe5f%7C0%7C0%7C638126953287802848%7CUnknown%7CTWFpbGZsb3d8eyJWIjoiMC4wLjAwMDAiLCJQIjoiV2luMzIiLCJBTiI6Ik1haWwiLCJXVCI6Mn0%3D%7C3000%7C%7C%7C&amp;sdata=G9WrkLj8wGTlPZ0hXZ68lDZ75oCLJdh4tMdK7Ullh7A%3D&amp;reserved=0\" target=\"_blank\" rel=\"noreferrer noopener\"><strong>aqui<\/strong><\/a>.<\/p>\n\n\n\n<div class=\"wp-block-columns is-layout-flex wp-container-core-columns-is-layout-28f84493 wp-block-columns-is-layout-flex\">\n<div class=\"wp-block-column is-layout-flow wp-block-column-is-layout-flow\" style=\"flex-basis:100%\">\n<ul class=\"wp-block-list\"><li><a href=\"https:\/\/cbr.org.br\/wp-content\/uploads\/2022\/05\/Parecer-sobre-Adocao-do-Padrao-TISS.pdf\" target=\"_blank\" rel=\"noreferrer noopener\">Clique aqui e confira o Parecer sobre Obrigatoriedade de Ado\u00e7\u00e3o do Padr\u00e3o TISS pelas Operadoras de Sa\u00fade Regidas Pela ANS<\/a><\/li><\/ul>\n<\/div>\n<\/div>\n\n\n\n<p><\/p>\n","protected":false},"excerpt":{"rendered":"<p>A Ag\u00eancia Nacional de Sa\u00fade Suplementar (ANS) disponibilizou a vers\u00e3o de fevereiro do Padr\u00e3o TISS. Foram feitas 21 atualiza\u00e7\u00f5es, que podem ser conferidas na \u00edntegra por meio de of\u00edcio enviado para as operadoras via Protocolo Eletr\u00f4nico. A vers\u00e3o de fevereiro tem o objetivo de adequar os componentes \u00e0s novas datas de fim de implanta\u00e7\u00e3o e [&hellip;]<\/p>\n","protected":false},"author":20,"featured_media":4503,"comment_status":"closed","ping_status":"closed","sticky":false,"template":"","format":"standard","meta":{"site-sidebar-layout":"default","site-content-layout":"","ast-site-content-layout":"default","site-content-style":"default","site-sidebar-style":"default","ast-global-header-display":"","ast-banner-title-visibility":"","ast-main-header-display":"","ast-hfb-above-header-display":"","ast-hfb-below-header-display":"","ast-hfb-mobile-header-display":"","site-post-title":"","ast-breadcrumbs-content":"","ast-featured-img":"","footer-sml-layout":"","ast-disable-related-posts":"","theme-transparent-header-meta":"","adv-header-id-meta":"","stick-header-meta":"","header-above-stick-meta":"","header-main-stick-meta":"","header-below-stick-meta":"","astra-migrate-meta-layouts":"default","ast-page-background-enabled":"default","ast-page-background-meta":{"desktop":{"background-color":"var(--ast-global-color-4)","background-image":"","background-repeat":"repeat","background-position":"center center","background-size":"auto","background-attachment":"scroll","background-type":"","background-media":"","overlay-type":"","overlay-color":"","overlay-opacity":"","overlay-gradient":""},"tablet":{"background-color":"","background-image":"","background-repeat":"repeat","background-position":"center center","background-size":"auto","background-attachment":"scroll","background-type":"","background-media":"","overlay-type":"","overlay-color":"","overlay-opacity":"","overlay-gradient":""},"mobile":{"background-color":"","background-image":"","background-repeat":"repeat","background-position":"center center","background-size":"auto","background-attachment":"scroll","background-type":"","background-media":"","overlay-type":"","overlay-color":"","overlay-opacity":"","overlay-gradient":""}},"ast-content-background-meta":{"desktop":{"background-color":"var(--ast-global-color-5)","background-image":"","background-repeat":"repeat","background-position":"center center","background-size":"auto","background-attachment":"scroll","background-type":"","background-media":"","overlay-type":"","overlay-color":"","overlay-opacity":"","overlay-gradient":""},"tablet":{"background-color":"var(--ast-global-color-5)","background-image":"","background-repeat":"repeat","background-position":"center center","background-size":"auto","background-attachment":"scroll","background-type":"","background-media":"","overlay-type":"","overlay-color":"","overlay-opacity":"","overlay-gradient":""},"mobile":{"background-color":"var(--ast-global-color-5)","background-image":"","background-repeat":"repeat","background-position":"center center","background-size":"auto","background-attachment":"scroll","background-type":"","background-media":"","overlay-type":"","overlay-color":"","overlay-opacity":"","overlay-gradient":""}},"footnotes":""},"categories":[25],"tags":[23,46,21],"class_list":["post-4502","post","type-post","status-publish","format-standard","has-post-thumbnail","hentry","category-mercado-abcdi","tag-cbr","tag-qualidade","tag-radiologia"],"yoast_head":"<!-- This site is optimized with the Yoast SEO plugin v27.5 - https:\/\/yoast.com\/product\/yoast-seo-wordpress\/ -->\n<title>ANS divulga vers\u00e3o de fevereiro do Padr\u00e3o TISS -<\/title>\n<meta name=\"description\" content=\"ANS divulga vers\u00e3o de fevereiro do Padr\u00e3o TISS\" \/>\n<meta name=\"robots\" content=\"index, follow, max-snippet:-1, max-image-preview:large, max-video-preview:-1\" \/>\n<link rel=\"canonical\" href=\"https:\/\/abcdi.org.br\/index.php\/2023\/02\/28\/ans-divulga-versao-de-fevereiro-do-padrao-tiss\/\" \/>\n<meta property=\"og:locale\" content=\"pt_BR\" \/>\n<meta property=\"og:type\" content=\"article\" \/>\n<meta property=\"og:title\" content=\"ANS divulga vers\u00e3o de fevereiro do Padr\u00e3o TISS -\" \/>\n<meta property=\"og:description\" content=\"ANS divulga vers\u00e3o de fevereiro do Padr\u00e3o TISS\" \/>\n<meta property=\"og:url\" content=\"https:\/\/abcdi.org.br\/index.php\/2023\/02\/28\/ans-divulga-versao-de-fevereiro-do-padrao-tiss\/\" \/>\n<meta property=\"article:published_time\" content=\"2023-02-28T20:40:57+00:00\" \/>\n<meta property=\"article:modified_time\" content=\"2023-03-20T22:20:26+00:00\" \/>\n<meta property=\"og:image\" content=\"https:\/\/abcdi.org.br\/wp-content\/uploads\/2023\/02\/padrao_tiss_bannersite.jpg\" \/>\n\t<meta property=\"og:image:width\" content=\"450\" \/>\n\t<meta property=\"og:image:height\" content=\"188\" \/>\n\t<meta property=\"og:image:type\" content=\"image\/jpeg\" \/>\n<meta name=\"author\" content=\"Reda\u00e7\u00e3o CBR\" \/>\n<meta name=\"twitter:card\" content=\"summary_large_image\" \/>\n<meta name=\"twitter:label1\" content=\"Escrito por\" \/>\n\t<meta name=\"twitter:data1\" content=\"Reda\u00e7\u00e3o CBR\" \/>\n\t<meta name=\"twitter:label2\" content=\"Est. tempo de leitura\" \/>\n\t<meta name=\"twitter:data2\" content=\"2 minutos\" \/>\n<script type=\"application\/ld+json\" class=\"yoast-schema-graph\">{\"@context\":\"https:\\\/\\\/schema.org\",\"@graph\":[{\"@type\":\"Article\",\"@id\":\"https:\\\/\\\/abcdi.org.br\\\/index.php\\\/2023\\\/02\\\/28\\\/ans-divulga-versao-de-fevereiro-do-padrao-tiss\\\/#article\",\"isPartOf\":{\"@id\":\"https:\\\/\\\/abcdi.org.br\\\/index.php\\\/2023\\\/02\\\/28\\\/ans-divulga-versao-de-fevereiro-do-padrao-tiss\\\/\"},\"author\":{\"name\":\"Reda\u00e7\u00e3o CBR\",\"@id\":\"https:\\\/\\\/abcdi.org.br\\\/#\\\/schema\\\/person\\\/74c2a4475088ac02204aab920a1c43b2\"},\"headline\":\"ANS divulga vers\u00e3o de fevereiro do Padr\u00e3o TISS\",\"datePublished\":\"2023-02-28T20:40:57+00:00\",\"dateModified\":\"2023-03-20T22:20:26+00:00\",\"mainEntityOfPage\":{\"@id\":\"https:\\\/\\\/abcdi.org.br\\\/index.php\\\/2023\\\/02\\\/28\\\/ans-divulga-versao-de-fevereiro-do-padrao-tiss\\\/\"},\"wordCount\":305,\"image\":{\"@id\":\"https:\\\/\\\/abcdi.org.br\\\/index.php\\\/2023\\\/02\\\/28\\\/ans-divulga-versao-de-fevereiro-do-padrao-tiss\\\/#primaryimage\"},\"thumbnailUrl\":\"https:\\\/\\\/abcdi.org.br\\\/wp-content\\\/uploads\\\/2023\\\/02\\\/padrao_tiss_bannersite.jpg\",\"keywords\":[\"CBR\",\"qualidade\",\"Radiologia\"],\"articleSection\":[\"Mercado ABCDI\"],\"inLanguage\":\"pt-BR\"},{\"@type\":\"WebPage\",\"@id\":\"https:\\\/\\\/abcdi.org.br\\\/index.php\\\/2023\\\/02\\\/28\\\/ans-divulga-versao-de-fevereiro-do-padrao-tiss\\\/\",\"url\":\"https:\\\/\\\/abcdi.org.br\\\/index.php\\\/2023\\\/02\\\/28\\\/ans-divulga-versao-de-fevereiro-do-padrao-tiss\\\/\",\"name\":\"ANS divulga vers\u00e3o de fevereiro do Padr\u00e3o TISS -\",\"isPartOf\":{\"@id\":\"https:\\\/\\\/abcdi.org.br\\\/#website\"},\"primaryImageOfPage\":{\"@id\":\"https:\\\/\\\/abcdi.org.br\\\/index.php\\\/2023\\\/02\\\/28\\\/ans-divulga-versao-de-fevereiro-do-padrao-tiss\\\/#primaryimage\"},\"image\":{\"@id\":\"https:\\\/\\\/abcdi.org.br\\\/index.php\\\/2023\\\/02\\\/28\\\/ans-divulga-versao-de-fevereiro-do-padrao-tiss\\\/#primaryimage\"},\"thumbnailUrl\":\"https:\\\/\\\/abcdi.org.br\\\/wp-content\\\/uploads\\\/2023\\\/02\\\/padrao_tiss_bannersite.jpg\",\"datePublished\":\"2023-02-28T20:40:57+00:00\",\"dateModified\":\"2023-03-20T22:20:26+00:00\",\"author\":{\"@id\":\"https:\\\/\\\/abcdi.org.br\\\/#\\\/schema\\\/person\\\/74c2a4475088ac02204aab920a1c43b2\"},\"description\":\"ANS divulga vers\u00e3o de fevereiro do Padr\u00e3o TISS\",\"breadcrumb\":{\"@id\":\"https:\\\/\\\/abcdi.org.br\\\/index.php\\\/2023\\\/02\\\/28\\\/ans-divulga-versao-de-fevereiro-do-padrao-tiss\\\/#breadcrumb\"},\"inLanguage\":\"pt-BR\",\"potentialAction\":[{\"@type\":\"ReadAction\",\"target\":[\"https:\\\/\\\/abcdi.org.br\\\/index.php\\\/2023\\\/02\\\/28\\\/ans-divulga-versao-de-fevereiro-do-padrao-tiss\\\/\"]}]},{\"@type\":\"ImageObject\",\"inLanguage\":\"pt-BR\",\"@id\":\"https:\\\/\\\/abcdi.org.br\\\/index.php\\\/2023\\\/02\\\/28\\\/ans-divulga-versao-de-fevereiro-do-padrao-tiss\\\/#primaryimage\",\"url\":\"https:\\\/\\\/abcdi.org.br\\\/wp-content\\\/uploads\\\/2023\\\/02\\\/padrao_tiss_bannersite.jpg\",\"contentUrl\":\"https:\\\/\\\/abcdi.org.br\\\/wp-content\\\/uploads\\\/2023\\\/02\\\/padrao_tiss_bannersite.jpg\",\"width\":450,\"height\":188},{\"@type\":\"BreadcrumbList\",\"@id\":\"https:\\\/\\\/abcdi.org.br\\\/index.php\\\/2023\\\/02\\\/28\\\/ans-divulga-versao-de-fevereiro-do-padrao-tiss\\\/#breadcrumb\",\"itemListElement\":[{\"@type\":\"ListItem\",\"position\":1,\"name\":\"In\u00edcio\",\"item\":\"https:\\\/\\\/abcdi.org.br\\\/\"},{\"@type\":\"ListItem\",\"position\":2,\"name\":\"ANS divulga vers\u00e3o de fevereiro do Padr\u00e3o TISS\"}]},{\"@type\":\"WebSite\",\"@id\":\"https:\\\/\\\/abcdi.org.br\\\/#website\",\"url\":\"https:\\\/\\\/abcdi.org.br\\\/\",\"name\":\"\",\"description\":\"ABCDI - Associa\u00e7\u00e3o Brasileira de Cl\u00ednicas de Diagnostico por Imagem\",\"potentialAction\":[{\"@type\":\"SearchAction\",\"target\":{\"@type\":\"EntryPoint\",\"urlTemplate\":\"https:\\\/\\\/abcdi.org.br\\\/?s={search_term_string}\"},\"query-input\":{\"@type\":\"PropertyValueSpecification\",\"valueRequired\":true,\"valueName\":\"search_term_string\"}}],\"inLanguage\":\"pt-BR\"},{\"@type\":\"Person\",\"@id\":\"https:\\\/\\\/abcdi.org.br\\\/#\\\/schema\\\/person\\\/74c2a4475088ac02204aab920a1c43b2\",\"name\":\"Reda\u00e7\u00e3o CBR\",\"image\":{\"@type\":\"ImageObject\",\"inLanguage\":\"pt-BR\",\"@id\":\"https:\\\/\\\/secure.gravatar.com\\\/avatar\\\/4f433578045f08035c97adcc71f2fc11eaa1129a652c0f8ec846f42e60939945?s=96&d=mm&r=g\",\"url\":\"https:\\\/\\\/secure.gravatar.com\\\/avatar\\\/4f433578045f08035c97adcc71f2fc11eaa1129a652c0f8ec846f42e60939945?s=96&d=mm&r=g\",\"contentUrl\":\"https:\\\/\\\/secure.gravatar.com\\\/avatar\\\/4f433578045f08035c97adcc71f2fc11eaa1129a652c0f8ec846f42e60939945?s=96&d=mm&r=g\",\"caption\":\"Reda\u00e7\u00e3o CBR\"},\"url\":\"https:\\\/\\\/abcdi.org.br\\\/index.php\\\/author\\\/redacao\\\/\"}]}<\/script>\n<!-- \/ Yoast SEO plugin. -->","yoast_head_json":{"title":"ANS divulga vers\u00e3o de fevereiro do Padr\u00e3o TISS -","description":"ANS divulga vers\u00e3o de fevereiro do Padr\u00e3o TISS","robots":{"index":"index","follow":"follow","max-snippet":"max-snippet:-1","max-image-preview":"max-image-preview:large","max-video-preview":"max-video-preview:-1"},"canonical":"https:\/\/abcdi.org.br\/index.php\/2023\/02\/28\/ans-divulga-versao-de-fevereiro-do-padrao-tiss\/","og_locale":"pt_BR","og_type":"article","og_title":"ANS divulga vers\u00e3o de fevereiro do Padr\u00e3o TISS -","og_description":"ANS divulga vers\u00e3o de fevereiro do Padr\u00e3o TISS","og_url":"https:\/\/abcdi.org.br\/index.php\/2023\/02\/28\/ans-divulga-versao-de-fevereiro-do-padrao-tiss\/","article_published_time":"2023-02-28T20:40:57+00:00","article_modified_time":"2023-03-20T22:20:26+00:00","og_image":[{"width":450,"height":188,"url":"https:\/\/abcdi.org.br\/wp-content\/uploads\/2023\/02\/padrao_tiss_bannersite.jpg","type":"image\/jpeg"}],"author":"Reda\u00e7\u00e3o CBR","twitter_card":"summary_large_image","twitter_misc":{"Escrito por":"Reda\u00e7\u00e3o CBR","Est. tempo de leitura":"2 minutos"},"schema":{"@context":"https:\/\/schema.org","@graph":[{"@type":"Article","@id":"https:\/\/abcdi.org.br\/index.php\/2023\/02\/28\/ans-divulga-versao-de-fevereiro-do-padrao-tiss\/#article","isPartOf":{"@id":"https:\/\/abcdi.org.br\/index.php\/2023\/02\/28\/ans-divulga-versao-de-fevereiro-do-padrao-tiss\/"},"author":{"name":"Reda\u00e7\u00e3o CBR","@id":"https:\/\/abcdi.org.br\/#\/schema\/person\/74c2a4475088ac02204aab920a1c43b2"},"headline":"ANS divulga vers\u00e3o de fevereiro do Padr\u00e3o TISS","datePublished":"2023-02-28T20:40:57+00:00","dateModified":"2023-03-20T22:20:26+00:00","mainEntityOfPage":{"@id":"https:\/\/abcdi.org.br\/index.php\/2023\/02\/28\/ans-divulga-versao-de-fevereiro-do-padrao-tiss\/"},"wordCount":305,"image":{"@id":"https:\/\/abcdi.org.br\/index.php\/2023\/02\/28\/ans-divulga-versao-de-fevereiro-do-padrao-tiss\/#primaryimage"},"thumbnailUrl":"https:\/\/abcdi.org.br\/wp-content\/uploads\/2023\/02\/padrao_tiss_bannersite.jpg","keywords":["CBR","qualidade","Radiologia"],"articleSection":["Mercado ABCDI"],"inLanguage":"pt-BR"},{"@type":"WebPage","@id":"https:\/\/abcdi.org.br\/index.php\/2023\/02\/28\/ans-divulga-versao-de-fevereiro-do-padrao-tiss\/","url":"https:\/\/abcdi.org.br\/index.php\/2023\/02\/28\/ans-divulga-versao-de-fevereiro-do-padrao-tiss\/","name":"ANS divulga vers\u00e3o de fevereiro do Padr\u00e3o TISS -","isPartOf":{"@id":"https:\/\/abcdi.org.br\/#website"},"primaryImageOfPage":{"@id":"https:\/\/abcdi.org.br\/index.php\/2023\/02\/28\/ans-divulga-versao-de-fevereiro-do-padrao-tiss\/#primaryimage"},"image":{"@id":"https:\/\/abcdi.org.br\/index.php\/2023\/02\/28\/ans-divulga-versao-de-fevereiro-do-padrao-tiss\/#primaryimage"},"thumbnailUrl":"https:\/\/abcdi.org.br\/wp-content\/uploads\/2023\/02\/padrao_tiss_bannersite.jpg","datePublished":"2023-02-28T20:40:57+00:00","dateModified":"2023-03-20T22:20:26+00:00","author":{"@id":"https:\/\/abcdi.org.br\/#\/schema\/person\/74c2a4475088ac02204aab920a1c43b2"},"description":"ANS divulga vers\u00e3o de fevereiro do Padr\u00e3o TISS","breadcrumb":{"@id":"https:\/\/abcdi.org.br\/index.php\/2023\/02\/28\/ans-divulga-versao-de-fevereiro-do-padrao-tiss\/#breadcrumb"},"inLanguage":"pt-BR","potentialAction":[{"@type":"ReadAction","target":["https:\/\/abcdi.org.br\/index.php\/2023\/02\/28\/ans-divulga-versao-de-fevereiro-do-padrao-tiss\/"]}]},{"@type":"ImageObject","inLanguage":"pt-BR","@id":"https:\/\/abcdi.org.br\/index.php\/2023\/02\/28\/ans-divulga-versao-de-fevereiro-do-padrao-tiss\/#primaryimage","url":"https:\/\/abcdi.org.br\/wp-content\/uploads\/2023\/02\/padrao_tiss_bannersite.jpg","contentUrl":"https:\/\/abcdi.org.br\/wp-content\/uploads\/2023\/02\/padrao_tiss_bannersite.jpg","width":450,"height":188},{"@type":"BreadcrumbList","@id":"https:\/\/abcdi.org.br\/index.php\/2023\/02\/28\/ans-divulga-versao-de-fevereiro-do-padrao-tiss\/#breadcrumb","itemListElement":[{"@type":"ListItem","position":1,"name":"In\u00edcio","item":"https:\/\/abcdi.org.br\/"},{"@type":"ListItem","position":2,"name":"ANS divulga vers\u00e3o de fevereiro do Padr\u00e3o TISS"}]},{"@type":"WebSite","@id":"https:\/\/abcdi.org.br\/#website","url":"https:\/\/abcdi.org.br\/","name":"","description":"ABCDI - Associa\u00e7\u00e3o Brasileira de Cl\u00ednicas de Diagnostico por Imagem","potentialAction":[{"@type":"SearchAction","target":{"@type":"EntryPoint","urlTemplate":"https:\/\/abcdi.org.br\/?s={search_term_string}"},"query-input":{"@type":"PropertyValueSpecification","valueRequired":true,"valueName":"search_term_string"}}],"inLanguage":"pt-BR"},{"@type":"Person","@id":"https:\/\/abcdi.org.br\/#\/schema\/person\/74c2a4475088ac02204aab920a1c43b2","name":"Reda\u00e7\u00e3o CBR","image":{"@type":"ImageObject","inLanguage":"pt-BR","@id":"https:\/\/secure.gravatar.com\/avatar\/4f433578045f08035c97adcc71f2fc11eaa1129a652c0f8ec846f42e60939945?s=96&d=mm&r=g","url":"https:\/\/secure.gravatar.com\/avatar\/4f433578045f08035c97adcc71f2fc11eaa1129a652c0f8ec846f42e60939945?s=96&d=mm&r=g","contentUrl":"https:\/\/secure.gravatar.com\/avatar\/4f433578045f08035c97adcc71f2fc11eaa1129a652c0f8ec846f42e60939945?s=96&d=mm&r=g","caption":"Reda\u00e7\u00e3o CBR"},"url":"https:\/\/abcdi.org.br\/index.php\/author\/redacao\/"}]}},"_links":{"self":[{"href":"https:\/\/abcdi.org.br\/index.php\/wp-json\/wp\/v2\/posts\/4502","targetHints":{"allow":["GET"]}}],"collection":[{"href":"https:\/\/abcdi.org.br\/index.php\/wp-json\/wp\/v2\/posts"}],"about":[{"href":"https:\/\/abcdi.org.br\/index.php\/wp-json\/wp\/v2\/types\/post"}],"author":[{"embeddable":true,"href":"https:\/\/abcdi.org.br\/index.php\/wp-json\/wp\/v2\/users\/20"}],"replies":[{"embeddable":true,"href":"https:\/\/abcdi.org.br\/index.php\/wp-json\/wp\/v2\/comments?post=4502"}],"version-history":[{"count":1,"href":"https:\/\/abcdi.org.br\/index.php\/wp-json\/wp\/v2\/posts\/4502\/revisions"}],"predecessor-version":[{"id":4504,"href":"https:\/\/abcdi.org.br\/index.php\/wp-json\/wp\/v2\/posts\/4502\/revisions\/4504"}],"wp:featuredmedia":[{"embeddable":true,"href":"https:\/\/abcdi.org.br\/index.php\/wp-json\/wp\/v2\/media\/4503"}],"wp:attachment":[{"href":"https:\/\/abcdi.org.br\/index.php\/wp-json\/wp\/v2\/media?parent=4502"}],"wp:term":[{"taxonomy":"category","embeddable":true,"href":"https:\/\/abcdi.org.br\/index.php\/wp-json\/wp\/v2\/categories?post=4502"},{"taxonomy":"post_tag","embeddable":true,"href":"https:\/\/abcdi.org.br\/index.php\/wp-json\/wp\/v2\/tags?post=4502"}],"curies":[{"name":"wp","href":"https:\/\/api.w.org\/{rel}","templated":true}]}}